{"result_html":"\t<div class=\"tool-bar\">\n\t\t<div class=\"row\">\n\t\t\t<div class=\"col-md-3 col-xs-6\">\n\t\t\t\t<div class=\"btn-group btn-group-sm\">\n\t\t\t\t\t\t\t\t\t\t\t<button type=\"button\" onclick=\"category_view.changeView('grid', 1, 'btn-grid-1')\" class=\"btn btn-default btn-custom-view btn-grid-1\" data-toggle=\"tooltip\" title=\"1\">1<\/button>\n\t\t\t\t\t\t<button type=\"button\" onclick=\"category_view.changeView('grid', 2, 'btn-grid-2')\" class=\"btn btn-default btn-custom-view btn-grid-2\" data-toggle=\"tooltip\" title=\"2\">2<\/button>\n\t\t\t\t\t\t<button type=\"button\" onclick=\"category_view.changeView('grid', 3, 'btn-grid-3')\" class=\"btn btn-default btn-custom-view btn-grid-3\" data-toggle=\"tooltip\" title=\"3\">3<\/button>\n\t\t\t\t\t\t<button type=\"button\" onclick=\"category_view.changeView('grid', 4, 'btn-grid-4')\" class=\"btn btn-default btn-custom-view btn-grid-4\" data-toggle=\"tooltip\" title=\"4\">4<\/button>\n\t\t\t\t\t\t<button type=\"button\" onclick=\"category_view.changeView('grid', 5, 'btn-grid-5')\" class=\"btn btn-default btn-custom-view btn-grid-5\" data-toggle=\"tooltip\" title=\"5\">5<\/button>\n\t\t\t\t\t\t<button type=\"button\" onclick=\"category_view.changeView('list', 0, 'btn-list')\" class=\"btn btn-default btn-custom-view btn-list\" data-toggle=\"tooltip\" title=\"List\u0103\"><i class=\"icon ion-android-menu\"><\/i><\/button>\n\t\t\t\t\t\t<input type=\"hidden\" id=\"category-view-type\" value=\"grid\" \/>\n\t\t\t\t\t\t<input type=\"hidden\" id=\"category-grid-cols\" value=\"4\" \/>\n\t\t\t\t\t\t\t\t\t<\/div>\n\t\t\t<\/div>\n\t\t\t<div class=\"col-md-3 col-xs-6\">\n\t\t\t\t<div class=\"form-group\"><a href=\"https:\/\/librariasapientia.ro\/index.php?route=product\/compare\" id=\"compare-total\" class=\"btn btn-link\">Compar\u0103 produse (0)<\/a><\/div>\n\t\t\t<\/div>\n\t\t\t<div class=\"col-md-3 col-xs-6\">\n\t\t\t\t<div class=\"form-group input-group input-group-sm\">\n\t\t\t\t\t\t\t\t\t\t\t<label class=\"input-group-addon\" for=\"input-sort\">Sortare dup\u0103:<\/label>\n\t\t\t\t\t\t<select id=\"input-sort\" class=\"form-control\" onchange=\"ptfilter.filter(this.value);\">\n\t\t\t\t\t\t\t\t\t\t\t\t\t\t\t\t\t\t\t\t\t\t\t\t<option value=\"https:\/\/librariasapientia.ro\/index.php?route=plaza\/filter\/category&path=820&sort=p.sort_order&order=ASC\" selected=\"selected\">Implicit<\/option>\n\t\t\t\t\t\t\t\t\t\t\t\t\t\t\t\t\t\t\t\t\t\t\t\t\t\t\t\t\t\t\t\t<option value=\"https:\/\/librariasapientia.ro\/index.php?route=plaza\/filter\/category&path=820&sort=pd.name&order=ASC\">Nume (A - Z)<\/option>\n\t\t\t\t\t\t\t\t\t\t\t\t\t\t\t\t\t\t\t\t\t\t\t\t\t\t\t\t\t\t\t\t<option value=\"https:\/\/librariasapientia.ro\/index.php?route=plaza\/filter\/category&path=820&sort=pd.name&order=DESC\">Nume (Z - A)<\/option>\n\t\t\t\t\t\t\t\t\t\t\t\t\t\t\t\t\t\t\t\t\t\t\t\t\t\t\t\t\t\t\t\t<option value=\"https:\/\/librariasapientia.ro\/index.php?route=plaza\/filter\/category&path=820&sort=p.price&order=ASC\">Pre\u021b (Mic &gt; Mare)<\/option>\n\t\t\t\t\t\t\t\t\t\t\t\t\t\t\t\t\t\t\t\t\t\t\t\t\t\t\t\t\t\t\t\t<option value=\"https:\/\/librariasapientia.ro\/index.php?route=plaza\/filter\/category&path=820&sort=p.price&order=DESC\">Pre\u021b (Mare &gt; Mic)<\/option>\n\t\t\t\t\t\t\t\t\t\t\t\t\t\t\t\t\t\t\t\t\t\t\t\t\t\t\t\t\t\t\t\t<option value=\"https:\/\/librariasapientia.ro\/index.php?route=plaza\/filter\/category&path=820&sort=rating&order=DESC\">Not\u0103 (Cea mai mare)<\/option>\n\t\t\t\t\t\t\t\t\t\t\t\t\t\t\t\t\t\t\t\t\t\t\t\t\t\t\t\t\t\t\t\t<option value=\"https:\/\/librariasapientia.ro\/index.php?route=plaza\/filter\/category&path=820&sort=rating&order=ASC\">Not\u0103 (Cea mai mic\u0103)<\/option>\n\t\t\t\t\t\t\t\t\t\t\t\t\t\t\t\t\t\t\t\t\t\t\t\t\t\t\t\t\t\t\t\t<option value=\"https:\/\/librariasapientia.ro\/index.php?route=plaza\/filter\/category&path=820&sort=p.model&order=ASC\">Model (A - Z)<\/option>\n\t\t\t\t\t\t\t\t\t\t\t\t\t\t\t\t\t\t\t\t\t\t\t\t\t\t\t\t\t\t\t\t<option value=\"https:\/\/librariasapientia.ro\/index.php?route=plaza\/filter\/category&path=820&sort=p.model&order=DESC\">Model (Z - A)<\/option>\n\t\t\t\t\t\t\t\t\t\t\t\t\t\t\t\t\t\t\t\t\t<\/select>\n\t\t\t\t\t\t\t\t\t<\/div>\n\t\t\t<\/div>\n\t\t\t<div class=\"col-md-3 col-xs-6\">\n\t\t\t\t<div class=\"form-group input-group input-group-sm\">\n\t\t\t\t\t\t\t\t\t\t\t<label class=\"input-group-addon\" for=\"input-limit\">Afi\u0219are:<\/label>\n\t\t\t\t\t\t<select id=\"input-limit\" class=\"form-control\" onchange=\"ptfilter.filter(this.value);\">\n\t\t\t\t\t\t\t\t\t\t\t\t\t\t\t\t\t\t\t\t\t\t\t\t<option value=\"https:\/\/librariasapientia.ro\/index.php?route=plaza\/filter\/category&path=820&limit=25\">25<\/option>\n\t\t\t\t\t\t\t\t\t\t\t\t\t\t\t\t\t\t\t\t\t\t\t\t\t\t\t\t\t\t\t\t<option value=\"https:\/\/librariasapientia.ro\/index.php?route=plaza\/filter\/category&path=820&limit=50\">50<\/option>\n\t\t\t\t\t\t\t\t\t\t\t\t\t\t\t\t\t\t\t\t\t\t\t\t\t\t\t\t\t\t\t\t<option value=\"https:\/\/librariasapientia.ro\/index.php?route=plaza\/filter\/category&path=820&limit=52\" selected=\"selected\">52<\/option>\n\t\t\t\t\t\t\t\t\t\t\t\t\t\t\t\t\t\t\t\t\t\t\t\t\t\t\t\t\t\t\t\t<option value=\"https:\/\/librariasapientia.ro\/index.php?route=plaza\/filter\/category&path=820&limit=75\">75<\/option>\n\t\t\t\t\t\t\t\t\t\t\t\t\t\t\t\t\t\t\t\t\t\t\t\t\t\t\t\t\t\t\t\t<option value=\"https:\/\/librariasapientia.ro\/index.php?route=plaza\/filter\/category&path=820&limit=100\">100<\/option>\n\t\t\t\t\t\t\t\t\t\t\t\t\t\t\t\t\t\t\t\t\t<\/select>\n\t\t\t\t\t\t\t\t\t<\/div>\n\t\t\t<\/div>\n\t\t<\/div>\n\t<\/div>\n    <div class=\"row\">\n\t\t\t\t\t<div class=\"product-layout product-list col-xs-12 product-items\">\n\t\t\t\t<div class=\"product-thumb\">\n\t\t\t\t\t<div class=\"product-item\">\t\t\t\t\n\t\t\t\t\t\t\t\t\t\t\t\t\t<div class=\"image rotate-image-container\">\n\t\t\t\t\t\t\t\t<div class=\"inner\">\n\t\t\t\t\t\t\t\t\t\n\t\t\t\t\t\t\t\t\t<a href=\"https:\/\/librariasapientia.ro\/istoria-bisericii\/fericitul-anton-durcovici-floare-aleasa-in-gradina-maicii-domnului\">\n\t\t\t\t\t\t\t\t\t\t<img src=\"https:\/\/librariasapientia.ro\/image\/cache\/catalog\/s\/a\/sap1786_durcovici_floare_aleasa-600x600.jpg\" alt=\" Fericitul Anton Durcovici : floare aleas\u0103 \u00een Gr\u0103dina Maicii Domnului\" title=\" Fericitul Anton Durcovici : floare aleas\u0103 \u00een Gr\u0103dina Maicii Domnului\" class=\"img-responsive img-default-image\" \/>\n\t\t\t\t\t\t\t\t\t\t\t\t\t\t\t\t\t\t\t<\/a>\n\t\t\t\t\t\t\t\t\t<div class=\"quickview\">\n\t\t\t\t\t\t\t\t\t\t\t\t\t\t\t\t\t\t\t\t\t<button class=\"button-quickview\" type=\"button\"  title=\"\" onclick=\"ptquickview.ajaxView('https:\/\/librariasapientia.ro\/istoria-bisericii\/fericitul-anton-durcovici-floare-aleasa-in-gradina-maicii-domnului')\"><span><\/span><\/button>\n\t\t\t\t\t\t\t\t\t\t\t\t\t\t\t\t\t\t\t<\/div>\n\t\t\t\t\t\t\t\t\t\n\t\t\t\t\t\t\t\t<\/div>\n\t\t\t\t\t\t\t<\/div>\n\t\t\t\t\t\t\t\t\t\t\t\t\n\t\t\t\t\t\t<div class=\"caption\">\n\t\t\t\t\t\t\t<div class=\"inner\">\n\t\t\t\t\t\t\t\t\n\t\t\t\t\t\t\t\t\n\t\t\t\t\t\t\t\t\t\t\t\t\t\t\t\t\n\t\t\t\t\t\t\t\t<h4><a href=\"https:\/\/librariasapientia.ro\/istoria-bisericii\/fericitul-anton-durcovici-floare-aleasa-in-gradina-maicii-domnului\"> Fericitul Anton Durcovici : floare aleas\u0103 \u00een Gr\u0103dina Maicii Domnului<\/a><\/h4>\n\t\t\t\t\t\t\t\t\t\t\t\t\t\t\t\t<div>\n\t\t\t\t\t\t\t\t\t\t\t\t\t\t\t\t\t<p class=\"price\"> \t\t\t\t\t\t\t\t\t\t\t20,00 Lei\n\t\t\t\t\t\t\t\t\t\t\t\t\t\t\t\t\t\t\t\t <\/p>\n\t\t\t\t\t\t\t\t\t\t\t\t\t\t\t\t\t\t\t\t\t\t\t\t\t<div class=\"box-label\">\n\t\t\t\t\t\t\t\t\t\t\t\t\t\t\t\t\t\t\t\t\t\t\t\t\t\t\t\t\t<\/div>\n\t\t\t\t\t\t\t\t\t\t\t\t\t\t\t\t<\/div>\n\t\t\t\t\t\t\t\t\t\t\t\t\t\t\t\t\t<p class=\"product-description\">La Editura \u201eSapientia\u201d a ap\u0103rut recent\u00a0cartea:\u00a0Fericitul Anton Durcovici : floare aleas\u0103 \u00een Gr\u0103dina Maicii Domnului, scris\u0103 de\u00a0dr. D\u0103nu\u0163 Dobo\u0219 \u0219i pr. dr. Petru Ciobanu. Cartea apar..<\/p>\n\t\t\t\t\t\t\t\t\t\t\t\t\t\t\t\t\t\t\t\t\t\t\t\t\t<div class=\"button-group\">\n\t\t\t\t\t\t\t\t\t\t<div class=\"inner\">\n\t\t\t\t\t\t\t\t\t\t\t\t\t\t\t\t\t\t\t\t\t\t\t<button type=\"button\" class=\"button-cart\"  title=\"Adaug\u0103 \u00een Co\u0219\" onclick=\"cart.add('2932', '1');\"><span>Adaug\u0103 \u00een Co\u0219<\/span><\/button>\n\t\t\t\t\t\t\t\t\t\t\t\t\t\t\t\t\t\t\t\t\t\t\t\t\t\t\t\t\t\t\t\t\t\t<button type=\"button\" class=\"button-wishlist\"  title=\"Adaug\u0103 la Favorite\" onclick=\"wishlist.add('2932');\"><span>Adaug\u0103 la Favorite<\/span><\/button>\n\t\t\t\t\t\t\t\t\t\t\t\t\t\t\t\t\t\t\t\t\t\t\t\t\t\t\t\t\t\t\t\t\t\t<button type=\"button\" class=\"button-compare\"  title=\"Compar\u0103 acest Produs\" onclick=\"compare.add('2932');\"><span>Compar\u0103 acest Produs<\/span><\/button>\n\t\t\t\t\t\t\t\t\t\t\t\t\t\t\t\t\t\t\t\t\t\t\n\t\t\t\t\t\t\t\t\t\t<\/div>\n\t\t\t\t\t\t\t\t\t<\/div>\n\t\t\t\t\t\t\t\t\t\t\t\t\t\t\t<\/div>\n\t\t\t\t\t\t\t\n\t\t\t\t\t\t<\/div>\n\t\t\t\t\t\t\n\t\t\t\t\t<\/div>\n\t\t\t\t<\/div>\n\t\t\t<\/div>\n\t\t\t\t\t<div class=\"product-layout product-list col-xs-12 product-items\">\n\t\t\t\t<div class=\"product-thumb\">\n\t\t\t\t\t<div class=\"product-item\">\t\t\t\t\n\t\t\t\t\t\t\t\t\t\t\t\t\t<div class=\"image rotate-image-container\">\n\t\t\t\t\t\t\t\t<div class=\"inner\">\n\t\t\t\t\t\t\t\t\t\n\t\t\t\t\t\t\t\t\t<a href=\"https:\/\/librariasapientia.ro\/istoria-bisericii\/pro-memoria-dieceza-romano-catolica-de-iasi-in-anii-primului-razboi-mondial\">\n\t\t\t\t\t\t\t\t\t\t<img src=\"https:\/\/librariasapientia.ro\/image\/cache\/catalog\/s\/a\/sap1689_dobos_pro_memoria-1-600x600.jpg\" alt=\" Pro memoria. Dieceza Romano-Catolic\u0103 de Ia\u015fi \u00een anii Primului R\u0103zboi Mondial\" title=\" Pro memoria. Dieceza Romano-Catolic\u0103 de Ia\u015fi \u00een anii Primului R\u0103zboi Mondial\" class=\"img-responsive img-default-image\" \/>\n\t\t\t\t\t\t\t\t\t\t\t\t\t\t\t\t\t\t\t<\/a>\n\t\t\t\t\t\t\t\t\t<div class=\"quickview\">\n\t\t\t\t\t\t\t\t\t\t\t\t\t\t\t\t\t\t\t\t\t<button class=\"button-quickview\" type=\"button\"  title=\"\" onclick=\"ptquickview.ajaxView('https:\/\/librariasapientia.ro\/istoria-bisericii\/pro-memoria-dieceza-romano-catolica-de-iasi-in-anii-primului-razboi-mondial')\"><span><\/span><\/button>\n\t\t\t\t\t\t\t\t\t\t\t\t\t\t\t\t\t\t\t<\/div>\n\t\t\t\t\t\t\t\t\t\n\t\t\t\t\t\t\t\t<\/div>\n\t\t\t\t\t\t\t<\/div>\n\t\t\t\t\t\t\t\t\t\t\t\t\n\t\t\t\t\t\t<div class=\"caption\">\n\t\t\t\t\t\t\t<div class=\"inner\">\n\t\t\t\t\t\t\t\t\n\t\t\t\t\t\t\t\t\n\t\t\t\t\t\t\t\t\t\t\t\t\t\t\t\t\n\t\t\t\t\t\t\t\t<h4><a href=\"https:\/\/librariasapientia.ro\/istoria-bisericii\/pro-memoria-dieceza-romano-catolica-de-iasi-in-anii-primului-razboi-mondial\"> Pro memoria. Dieceza Romano-Catolic\u0103 de Ia\u015fi \u00een anii Primului R\u0103zboi Mondial<\/a><\/h4>\n\t\t\t\t\t\t\t\t\t\t\t\t\t\t\t\t<div>\n\t\t\t\t\t\t\t\t\t\t\t\t\t\t\t\t\t<p class=\"price\"> \t\t\t\t\t\t\t\t\t\t\t80,50 Lei\n\t\t\t\t\t\t\t\t\t\t\t\t\t\t\t\t\t\t\t\t <\/p>\n\t\t\t\t\t\t\t\t\t\t\t\t\t\t\t\t\t\t\t\t\t\t\t\t\t<div class=\"box-label\">\n\t\t\t\t\t\t\t\t\t\t\t\t\t\t\t\t\t\t\t\t\t\t\t\t\t\t\t\t\t<\/div>\n\t\t\t\t\t\t\t\t\t\t\t\t\t\t\t\t<\/div>\n\t\t\t\t\t\t\t\t\t\t\t\t\t\t\t\t\t<p class=\"product-description\">D\u0103nu\u021b Dobo\u0219, Pro memoria. Dieceza Romano-Catolic\u0103 de Ia\u015fi \u00een anii Primului R\u0103zboi Mondial, Ia\u0219i 2018, 188 p., 17\u00d724, ISBN 978-606-578-331-7,\u00a080,5 lei.\r\n\u00a0\r\nLa Editura \u201eSapientia\u201d a ..<\/p>\n\t\t\t\t\t\t\t\t\t\t\t\t\t\t\t\t\t\t\t\t\t\t\t\t\t<div class=\"button-group\">\n\t\t\t\t\t\t\t\t\t\t<div class=\"inner\">\n\t\t\t\t\t\t\t\t\t\t\t\t\t\t\t\t\t\t\t\t\t\t\t<button type=\"button\" class=\"button-cart\"  title=\"Adaug\u0103 \u00een Co\u0219\" onclick=\"cart.add('2843', '1');\"><span>Adaug\u0103 \u00een Co\u0219<\/span><\/button>\n\t\t\t\t\t\t\t\t\t\t\t\t\t\t\t\t\t\t\t\t\t\t\t\t\t\t\t\t\t\t\t\t\t\t<button type=\"button\" class=\"button-wishlist\"  title=\"Adaug\u0103 la Favorite\" onclick=\"wishlist.add('2843');\"><span>Adaug\u0103 la Favorite<\/span><\/button>\n\t\t\t\t\t\t\t\t\t\t\t\t\t\t\t\t\t\t\t\t\t\t\t\t\t\t\t\t\t\t\t\t\t\t<button type=\"button\" class=\"button-compare\"  title=\"Compar\u0103 acest Produs\" onclick=\"compare.add('2843');\"><span>Compar\u0103 acest Produs<\/span><\/button>\n\t\t\t\t\t\t\t\t\t\t\t\t\t\t\t\t\t\t\t\t\t\t\n\t\t\t\t\t\t\t\t\t\t<\/div>\n\t\t\t\t\t\t\t\t\t<\/div>\n\t\t\t\t\t\t\t\t\t\t\t\t\t\t\t<\/div>\n\t\t\t\t\t\t\t\n\t\t\t\t\t\t<\/div>\n\t\t\t\t\t\t\n\t\t\t\t\t<\/div>\n\t\t\t\t<\/div>\n\t\t\t<\/div>\n\t\t\t\t\t<div class=\"product-layout product-list col-xs-12 product-items\">\n\t\t\t\t<div class=\"product-thumb\">\n\t\t\t\t\t<div class=\"product-item\">\t\t\t\t\n\t\t\t\t\t\t\t\t\t\t\t\t\t<div class=\"image rotate-image-container\">\n\t\t\t\t\t\t\t\t<div class=\"inner\">\n\t\t\t\t\t\t\t\t\t\n\t\t\t\t\t\t\t\t\t<a href=\"https:\/\/librariasapientia.ro\/istoria-bisericii\/100-de-puncte-fierbinti-din-istoria-bisericii\">\n\t\t\t\t\t\t\t\t\t\t<img src=\"https:\/\/librariasapientia.ro\/image\/cache\/catalog\/1\/0\/100-de-puncte-fierbinti-din-istoria-bisericii-600x600.jpg\" alt=\"100 de puncte fierbinti din Istoria Bisericii \" title=\"100 de puncte fierbinti din Istoria Bisericii \" class=\"img-responsive img-default-image\" \/>\n\t\t\t\t\t\t\t\t\t\t\t\t\t\t\t\t\t\t\t<\/a>\n\t\t\t\t\t\t\t\t\t<div class=\"quickview\">\n\t\t\t\t\t\t\t\t\t\t\t\t\t\t\t\t\t\t\t\t\t<button class=\"button-quickview\" type=\"button\"  title=\"\" onclick=\"ptquickview.ajaxView('https:\/\/librariasapientia.ro\/istoria-bisericii\/100-de-puncte-fierbinti-din-istoria-bisericii')\"><span><\/span><\/button>\n\t\t\t\t\t\t\t\t\t\t\t\t\t\t\t\t\t\t\t<\/div>\n\t\t\t\t\t\t\t\t\t\n\t\t\t\t\t\t\t\t<\/div>\n\t\t\t\t\t\t\t<\/div>\n\t\t\t\t\t\t\t\t\t\t\t\t\n\t\t\t\t\t\t<div class=\"caption\">\n\t\t\t\t\t\t\t<div class=\"inner\">\n\t\t\t\t\t\t\t\t\n\t\t\t\t\t\t\t\t\n\t\t\t\t\t\t\t\t\t\t\t\t\t\t\t\t\n\t\t\t\t\t\t\t\t<h4><a href=\"https:\/\/librariasapientia.ro\/istoria-bisericii\/100-de-puncte-fierbinti-din-istoria-bisericii\">100 de puncte fierbinti din Istoria Bisericii <\/a><\/h4>\n\t\t\t\t\t\t\t\t\t\t\t\t\t\t\t\t<div>\n\t\t\t\t\t\t\t\t\t\t\t\t\t\t\t\t\t<p class=\"price\"> \t\t\t\t\t\t\t\t\t\t\t25,00 Lei\n\t\t\t\t\t\t\t\t\t\t\t\t\t\t\t\t\t\t\t\t <\/p>\n\t\t\t\t\t\t\t\t\t\t\t\t\t\t\t\t\t\t\t\t\t\t\t\t\t<div class=\"box-label\">\n\t\t\t\t\t\t\t\t\t\t\t\t\t\t\t\t\t\t\t\t\t\t\t\t\t\t\t\t\t<\/div>\n\t\t\t\t\t\t\t\t\t\t\t\t\t\t\t\t<\/div>\n\t\t\t\t\t\t\t\t\t\t\t\t\t\t\t\t\t<p class=\"product-description\">\u00a0\u00a0 La 12 martie 2000, Papa Ioan Paul al II-lea cerea iertare pentru greselile facute de catre Biserica si de catre membrii ei de-a lungul celor doua mii de ani de existenta, la c\u00e2t..<\/p>\n\t\t\t\t\t\t\t\t\t\t\t\t\t\t\t\t\t\t\t\t\t\t\t\t\t<div class=\"button-group\">\n\t\t\t\t\t\t\t\t\t\t<div class=\"inner\">\n\t\t\t\t\t\t\t\t\t\t\t\t\t\t\t\t\t\t\t\t\t\t\t<button type=\"button\" class=\"button-cart\"  title=\"Adaug\u0103 \u00een Co\u0219\" onclick=\"cart.add('2222', '1');\"><span>Adaug\u0103 \u00een Co\u0219<\/span><\/button>\n\t\t\t\t\t\t\t\t\t\t\t\t\t\t\t\t\t\t\t\t\t\t\t\t\t\t\t\t\t\t\t\t\t\t<button type=\"button\" class=\"button-wishlist\"  title=\"Adaug\u0103 la Favorite\" onclick=\"wishlist.add('2222');\"><span>Adaug\u0103 la Favorite<\/span><\/button>\n\t\t\t\t\t\t\t\t\t\t\t\t\t\t\t\t\t\t\t\t\t\t\t\t\t\t\t\t\t\t\t\t\t\t<button type=\"button\" class=\"button-compare\"  title=\"Compar\u0103 acest Produs\" onclick=\"compare.add('2222');\"><span>Compar\u0103 acest Produs<\/span><\/button>\n\t\t\t\t\t\t\t\t\t\t\t\t\t\t\t\t\t\t\t\t\t\t\n\t\t\t\t\t\t\t\t\t\t<\/div>\n\t\t\t\t\t\t\t\t\t<\/div>\n\t\t\t\t\t\t\t\t\t\t\t\t\t\t\t<\/div>\n\t\t\t\t\t\t\t\n\t\t\t\t\t\t<\/div>\n\t\t\t\t\t\t\n\t\t\t\t\t<\/div>\n\t\t\t\t<\/div>\n\t\t\t<\/div>\n\t\t\t\t\t<div class=\"product-layout product-list col-xs-12 product-items\">\n\t\t\t\t<div class=\"product-thumb\">\n\t\t\t\t\t<div class=\"product-item\">\t\t\t\t\n\t\t\t\t\t\t\t\t\t\t\t\t\t<div class=\"image rotate-image-container\">\n\t\t\t\t\t\t\t\t<div class=\"inner\">\n\t\t\t\t\t\t\t\t\t\n\t\t\t\t\t\t\t\t\t<a href=\"https:\/\/librariasapientia.ro\/istoria-bisericii\/14-nuante\">\n\t\t\t\t\t\t\t\t\t\t<img src=\"https:\/\/librariasapientia.ro\/image\/cache\/catalog\/s\/a\/sap1724_14_nuante_de_rosu-600x600.jpg\" alt=\"14 nuan\u0163e de ro\u015fu. Amintiri din copil\u0103ria comunist\u0103. \u201eEpoca de Aur\u201d\" title=\"14 nuan\u0163e de ro\u015fu. Amintiri din copil\u0103ria comunist\u0103. \u201eEpoca de Aur\u201d\" class=\"img-responsive img-default-image\" \/>\n\t\t\t\t\t\t\t\t\t\t\t\t\t\t\t\t\t\t\t<\/a>\n\t\t\t\t\t\t\t\t\t<div class=\"quickview\">\n\t\t\t\t\t\t\t\t\t\t\t\t\t\t\t\t\t\t\t\t\t<button class=\"button-quickview\" type=\"button\"  title=\"\" onclick=\"ptquickview.ajaxView('https:\/\/librariasapientia.ro\/istoria-bisericii\/14-nuante')\"><span><\/span><\/button>\n\t\t\t\t\t\t\t\t\t\t\t\t\t\t\t\t\t\t\t<\/div>\n\t\t\t\t\t\t\t\t\t\n\t\t\t\t\t\t\t\t<\/div>\n\t\t\t\t\t\t\t<\/div>\n\t\t\t\t\t\t\t\t\t\t\t\t\n\t\t\t\t\t\t<div class=\"caption\">\n\t\t\t\t\t\t\t<div class=\"inner\">\n\t\t\t\t\t\t\t\t\n\t\t\t\t\t\t\t\t\n\t\t\t\t\t\t\t\t\t\t\t\t\t\t\t\t\n\t\t\t\t\t\t\t\t<h4><a href=\"https:\/\/librariasapientia.ro\/istoria-bisericii\/14-nuante\">14 nuan\u0163e de ro\u015fu. Amintiri din copil\u0103ria comunist\u0103. \u201eEpoca de Aur\u201d<\/a><\/h4>\n\t\t\t\t\t\t\t\t\t\t\t\t\t\t\t\t<div>\n\t\t\t\t\t\t\t\t\t\t\t\t\t\t\t\t\t<p class=\"price\"> \t\t\t\t\t\t\t\t\t\t\t30,00 Lei\n\t\t\t\t\t\t\t\t\t\t\t\t\t\t\t\t\t\t\t\t <\/p>\n\t\t\t\t\t\t\t\t\t\t\t\t\t\t\t\t\t\t\t\t\t\t\t\t\t<div class=\"box-label\">\n\t\t\t\t\t\t\t\t\t\t\t\t\t\t\t\t\t\t\t\t\t\t\t\t\t\t\t\t\t<\/div>\n\t\t\t\t\t\t\t\t\t\t\t\t\t\t\t\t<\/div>\n\t\t\t\t\t\t\t\t\t\t\t\t\t\t\t\t\t<p class=\"product-description\">La Editura \u201eSapientia\u201d a ap\u0103rut recent cartea 14 nuan\u0163e de ro\u015fu. Amintiri din copil\u0103ria comunist\u0103. \u201eEpoca de Aur\u201d, scris\u0103 de Cristina Gherghel. Cartea apare \u00een colec\u021bia \u201eMagistra v..<\/p>\n\t\t\t\t\t\t\t\t\t\t\t\t\t\t\t\t\t\t\t\t\t\t\t\t\t<div class=\"button-group\">\n\t\t\t\t\t\t\t\t\t\t<div class=\"inner\">\n\t\t\t\t\t\t\t\t\t\t\t\t\t\t\t\t\t\t\t\t\t\t\t<button type=\"button\" class=\"button-cart\"  title=\"Adaug\u0103 \u00een Co\u0219\" onclick=\"cart.add('2875', '1');\"><span>Adaug\u0103 \u00een Co\u0219<\/span><\/button>\n\t\t\t\t\t\t\t\t\t\t\t\t\t\t\t\t\t\t\t\t\t\t\t\t\t\t\t\t\t\t\t\t\t\t<button type=\"button\" class=\"button-wishlist\"  title=\"Adaug\u0103 la Favorite\" onclick=\"wishlist.add('2875');\"><span>Adaug\u0103 la Favorite<\/span><\/button>\n\t\t\t\t\t\t\t\t\t\t\t\t\t\t\t\t\t\t\t\t\t\t\t\t\t\t\t\t\t\t\t\t\t\t<button type=\"button\" class=\"button-compare\"  title=\"Compar\u0103 acest Produs\" onclick=\"compare.add('2875');\"><span>Compar\u0103 acest Produs<\/span><\/button>\n\t\t\t\t\t\t\t\t\t\t\t\t\t\t\t\t\t\t\t\t\t\t\n\t\t\t\t\t\t\t\t\t\t<\/div>\n\t\t\t\t\t\t\t\t\t<\/div>\n\t\t\t\t\t\t\t\t\t\t\t\t\t\t\t<\/div>\n\t\t\t\t\t\t\t\n\t\t\t\t\t\t<\/div>\n\t\t\t\t\t\t\n\t\t\t\t\t<\/div>\n\t\t\t\t<\/div>\n\t\t\t<\/div>\n\t\t\t\t\t<div class=\"product-layout product-list col-xs-12 product-items\">\n\t\t\t\t<div class=\"product-thumb\">\n\t\t\t\t\t<div class=\"product-item\">\t\t\t\t\n\t\t\t\t\t\t\t\t\t\t\t\t\t<div class=\"image rotate-image-container\">\n\t\t\t\t\t\t\t\t<div class=\"inner\">\n\t\t\t\t\t\t\t\t\t\n\t\t\t\t\t\t\t\t\t<a href=\"https:\/\/librariasapientia.ro\/istoria-bisericii\/1991\">\n\t\t\t\t\t\t\t\t\t\t<img src=\"https:\/\/librariasapientia.ro\/image\/cache\/catalog\/s\/a\/sap1618_de_la_salle_25_ani-600x600.jpg\" alt=\"1991-2016: 25 de ani de la re\u00eenceperea activit\u0103\u021bilor pastoral-educative ale Congrega\u021biei \u201eFra\u021bii \u0218colilor Cre\u0219tine\u201d din Rom\u00e2nia\" title=\"1991-2016: 25 de ani de la re\u00eenceperea activit\u0103\u021bilor pastoral-educative ale Congrega\u021biei \u201eFra\u021bii \u0218colilor Cre\u0219tine\u201d din Rom\u00e2nia\" class=\"img-responsive img-default-image\" \/>\n\t\t\t\t\t\t\t\t\t\t\t\t\t\t\t\t\t\t\t<\/a>\n\t\t\t\t\t\t\t\t\t<div class=\"quickview\">\n\t\t\t\t\t\t\t\t\t\t\t\t\t\t\t\t\t\t\t\t\t<button class=\"button-quickview\" type=\"button\"  title=\"\" onclick=\"ptquickview.ajaxView('https:\/\/librariasapientia.ro\/istoria-bisericii\/1991')\"><span><\/span><\/button>\n\t\t\t\t\t\t\t\t\t\t\t\t\t\t\t\t\t\t\t<\/div>\n\t\t\t\t\t\t\t\t\t\n\t\t\t\t\t\t\t\t<\/div>\n\t\t\t\t\t\t\t<\/div>\n\t\t\t\t\t\t\t\t\t\t\t\t\n\t\t\t\t\t\t<div class=\"caption\">\n\t\t\t\t\t\t\t<div class=\"inner\">\n\t\t\t\t\t\t\t\t\n\t\t\t\t\t\t\t\t\n\t\t\t\t\t\t\t\t\t\t\t\t\t\t\t\t\n\t\t\t\t\t\t\t\t<h4><a href=\"https:\/\/librariasapientia.ro\/istoria-bisericii\/1991\">1991-2016: 25 de ani de la re\u00eenceperea activit\u0103\u021bilor pastoral-educative ale Congrega\u021biei \u201eFra\u021bii \u0218colilor Cre\u0219tine\u201d din Rom\u00e2nia<\/a><\/h4>\n\t\t\t\t\t\t\t\t\t\t\t\t\t\t\t\t<div>\n\t\t\t\t\t\t\t\t\t\t\t\t\t\t\t\t\t<p class=\"price\"> \t\t\t\t\t\t\t\t\t\t\t10,00 Lei\n\t\t\t\t\t\t\t\t\t\t\t\t\t\t\t\t\t\t\t\t <\/p>\n\t\t\t\t\t\t\t\t\t\t\t\t\t\t\t\t\t\t\t\t\t\t\t\t\t<div class=\"box-label\">\n\t\t\t\t\t\t\t\t\t\t\t\t\t\t\t\t\t\t\t\t\t\t\t\t\t\t\t\t\t<\/div>\n\t\t\t\t\t\t\t\t\t\t\t\t\t\t\t\t<\/div>\n\t\t\t\t\t\t\t\t\t\t\t\t\t\t\t\t\t<p class=\"product-description\">La Editura \u201eSapientia\u201d a ap\u0103rut recent cartea 1991-2016: 25 de ani de la re\u00eenceperea activit\u0103\u021bilor pastoral-educative ale Congrega\u021biei \u201eFra\u021bii \u0218colilor Cre\u0219tine\u201d din Rom\u00e2nia, scris..<\/p>\n\t\t\t\t\t\t\t\t\t\t\t\t\t\t\t\t\t\t\t\t\t\t\t\t\t<div class=\"button-group\">\n\t\t\t\t\t\t\t\t\t\t<div class=\"inner\">\n\t\t\t\t\t\t\t\t\t\t\t\t\t\t\t\t\t\t\t\t\t\t\t<button type=\"button\" class=\"button-cart\"  title=\"Adaug\u0103 \u00een Co\u0219\" onclick=\"cart.add('2740', '1');\"><span>Adaug\u0103 \u00een Co\u0219<\/span><\/button>\n\t\t\t\t\t\t\t\t\t\t\t\t\t\t\t\t\t\t\t\t\t\t\t\t\t\t\t\t\t\t\t\t\t\t<button type=\"button\" class=\"button-wishlist\"  title=\"Adaug\u0103 la Favorite\" onclick=\"wishlist.add('2740');\"><span>Adaug\u0103 la Favorite<\/span><\/button>\n\t\t\t\t\t\t\t\t\t\t\t\t\t\t\t\t\t\t\t\t\t\t\t\t\t\t\t\t\t\t\t\t\t\t<button type=\"button\" class=\"button-compare\"  title=\"Compar\u0103 acest Produs\" onclick=\"compare.add('2740');\"><span>Compar\u0103 acest Produs<\/span><\/button>\n\t\t\t\t\t\t\t\t\t\t\t\t\t\t\t\t\t\t\t\t\t\t\n\t\t\t\t\t\t\t\t\t\t<\/div>\n\t\t\t\t\t\t\t\t\t<\/div>\n\t\t\t\t\t\t\t\t\t\t\t\t\t\t\t<\/div>\n\t\t\t\t\t\t\t\n\t\t\t\t\t\t<\/div>\n\t\t\t\t\t\t\n\t\t\t\t\t<\/div>\n\t\t\t\t<\/div>\n\t\t\t<\/div>\n\t\t\t\t\t<div class=\"product-layout product-list col-xs-12 product-items\">\n\t\t\t\t<div class=\"product-thumb\">\n\t\t\t\t\t<div class=\"product-item\">\t\t\t\t\n\t\t\t\t\t\t\t\t\t\t\t\t\t<div class=\"image rotate-image-container\">\n\t\t\t\t\t\t\t\t<div class=\"inner\">\n\t\t\t\t\t\t\t\t\t\n\t\t\t\t\t\t\t\t\t<a href=\"https:\/\/librariasapientia.ro\/istoria-bisericii\/adu-ti-aminte-marie-si-de-romania\">\n\t\t\t\t\t\t\t\t\t\t<img src=\"https:\/\/librariasapientia.ro\/image\/cache\/catalog\/a\/d\/adu-ti-aminte-marie-si-de-romania-600x600.jpg\" alt=\"Adu-ti aminte, Marie, si de Rom\u00e2nia\" title=\"Adu-ti aminte, Marie, si de Rom\u00e2nia\" class=\"img-responsive img-default-image\" \/>\n\t\t\t\t\t\t\t\t\t\t\t\t\t\t\t\t\t\t\t<\/a>\n\t\t\t\t\t\t\t\t\t<div class=\"quickview\">\n\t\t\t\t\t\t\t\t\t\t\t\t\t\t\t\t\t\t\t\t\t<button class=\"button-quickview\" type=\"button\"  title=\"\" onclick=\"ptquickview.ajaxView('https:\/\/librariasapientia.ro\/istoria-bisericii\/adu-ti-aminte-marie-si-de-romania')\"><span><\/span><\/button>\n\t\t\t\t\t\t\t\t\t\t\t\t\t\t\t\t\t\t\t<\/div>\n\t\t\t\t\t\t\t\t\t\n\t\t\t\t\t\t\t\t<\/div>\n\t\t\t\t\t\t\t<\/div>\n\t\t\t\t\t\t\t\t\t\t\t\t\n\t\t\t\t\t\t<div class=\"caption\">\n\t\t\t\t\t\t\t<div class=\"inner\">\n\t\t\t\t\t\t\t\t\n\t\t\t\t\t\t\t\t\n\t\t\t\t\t\t\t\t\t\t\t\t\t\t\t\t\n\t\t\t\t\t\t\t\t<h4><a href=\"https:\/\/librariasapientia.ro\/istoria-bisericii\/adu-ti-aminte-marie-si-de-romania\">Adu-ti aminte, Marie, si de Rom\u00e2nia<\/a><\/h4>\n\t\t\t\t\t\t\t\t\t\t\t\t\t\t\t\t<div>\n\t\t\t\t\t\t\t\t\t\t\t\t\t\t\t\t\t<p class=\"price\"> \t\t\t\t\t\t\t\t\t\t\t6,00 Lei\n\t\t\t\t\t\t\t\t\t\t\t\t\t\t\t\t\t\t\t\t <\/p>\n\t\t\t\t\t\t\t\t\t\t\t\t\t\t\t\t\t\t\t\t\t\t\t\t\t<div class=\"box-label\">\n\t\t\t\t\t\t\t\t\t\t\t\t\t\t\t\t\t\t\t\t\t\t\t\t\t\t\t\t\t<\/div>\n\t\t\t\t\t\t\t\t\t\t\t\t\t\t\t\t<\/div>\n\t\t\t\t\t\t\t\t\t\t\t\t\t\t\t\t\t<p class=\"product-description\">\u00a0\u00a0 Aparuta sub egida Departamentului de Cercetare Istorica al Episcopiei Romano-Catolice de Iasi, aceasta carte \u00eesi propune sa descopere originile cultului sfintei Fecioare Maria d..<\/p>\n\t\t\t\t\t\t\t\t\t\t\t\t\t\t\t\t\t\t\t\t\t\t\t\t\t<div class=\"button-group\">\n\t\t\t\t\t\t\t\t\t\t<div class=\"inner\">\n\t\t\t\t\t\t\t\t\t\t\t\t\t\t\t\t\t\t\t\t\t\t\t<button type=\"button\" class=\"button-cart\"  title=\"Adaug\u0103 \u00een Co\u0219\" onclick=\"cart.add('2221', '1');\"><span>Adaug\u0103 \u00een Co\u0219<\/span><\/button>\n\t\t\t\t\t\t\t\t\t\t\t\t\t\t\t\t\t\t\t\t\t\t\t\t\t\t\t\t\t\t\t\t\t\t<button type=\"button\" class=\"button-wishlist\"  title=\"Adaug\u0103 la Favorite\" onclick=\"wishlist.add('2221');\"><span>Adaug\u0103 la Favorite<\/span><\/button>\n\t\t\t\t\t\t\t\t\t\t\t\t\t\t\t\t\t\t\t\t\t\t\t\t\t\t\t\t\t\t\t\t\t\t<button type=\"button\" class=\"button-compare\"  title=\"Compar\u0103 acest Produs\" onclick=\"compare.add('2221');\"><span>Compar\u0103 acest Produs<\/span><\/button>\n\t\t\t\t\t\t\t\t\t\t\t\t\t\t\t\t\t\t\t\t\t\t\n\t\t\t\t\t\t\t\t\t\t<\/div>\n\t\t\t\t\t\t\t\t\t<\/div>\n\t\t\t\t\t\t\t\t\t\t\t\t\t\t\t<\/div>\n\t\t\t\t\t\t\t\n\t\t\t\t\t\t<\/div>\n\t\t\t\t\t\t\n\t\t\t\t\t<\/div>\n\t\t\t\t<\/div>\n\t\t\t<\/div>\n\t\t\t\t\t<div class=\"product-layout product-list col-xs-12 product-items\">\n\t\t\t\t<div class=\"product-thumb\">\n\t\t\t\t\t<div class=\"product-item\">\t\t\t\t\n\t\t\t\t\t\t\t\t\t\t\t\t\t<div class=\"image rotate-image-container\">\n\t\t\t\t\t\t\t\t<div class=\"inner\">\n\t\t\t\t\t\t\t\t\t\n\t\t\t\t\t\t\t\t\t<a href=\"https:\/\/librariasapientia.ro\/istoria-bisericii\/adu-ti-aminte-marie-si-de-romania-inceputurile-cultului-madonei-de-lourdes-in-romania\">\n\t\t\t\t\t\t\t\t\t\t<img src=\"https:\/\/librariasapientia.ro\/image\/cache\/catalog\/s\/a\/sap1712_adu-ti_aminte-1-600x600.jpg\" alt=\"Adu-\u021bi aminte, Marie, \u0219i de Rom\u00e2nia: \u00eenceputurile cultului Madonei de Lourdes \u00een Rom\u00e2nia\" title=\"Adu-\u021bi aminte, Marie, \u0219i de Rom\u00e2nia: \u00eenceputurile cultului Madonei de Lourdes \u00een Rom\u00e2nia\" class=\"img-responsive img-default-image\" \/>\n\t\t\t\t\t\t\t\t\t\t\t\t\t\t\t\t\t\t\t<\/a>\n\t\t\t\t\t\t\t\t\t<div class=\"quickview\">\n\t\t\t\t\t\t\t\t\t\t\t\t\t\t\t\t\t\t\t\t\t<button class=\"button-quickview\" type=\"button\"  title=\"\" onclick=\"ptquickview.ajaxView('https:\/\/librariasapientia.ro\/istoria-bisericii\/adu-ti-aminte-marie-si-de-romania-inceputurile-cultului-madonei-de-lourdes-in-romania')\"><span><\/span><\/button>\n\t\t\t\t\t\t\t\t\t\t\t\t\t\t\t\t\t\t\t<\/div>\n\t\t\t\t\t\t\t\t\t\n\t\t\t\t\t\t\t\t<\/div>\n\t\t\t\t\t\t\t<\/div>\n\t\t\t\t\t\t\t\t\t\t\t\t\n\t\t\t\t\t\t<div class=\"caption\">\n\t\t\t\t\t\t\t<div class=\"inner\">\n\t\t\t\t\t\t\t\t\n\t\t\t\t\t\t\t\t\n\t\t\t\t\t\t\t\t\t\t\t\t\t\t\t\t\n\t\t\t\t\t\t\t\t<h4><a href=\"https:\/\/librariasapientia.ro\/istoria-bisericii\/adu-ti-aminte-marie-si-de-romania-inceputurile-cultului-madonei-de-lourdes-in-romania\">Adu-\u021bi aminte, Marie, \u0219i de Rom\u00e2nia: \u00eenceputurile cultului Madonei de Lourdes \u00een Rom\u00e2nia<\/a><\/h4>\n\t\t\t\t\t\t\t\t\t\t\t\t\t\t\t\t<div>\n\t\t\t\t\t\t\t\t\t\t\t\t\t\t\t\t\t<p class=\"price\"> \t\t\t\t\t\t\t\t\t\t\t20,00 Lei\n\t\t\t\t\t\t\t\t\t\t\t\t\t\t\t\t\t\t\t\t <\/p>\n\t\t\t\t\t\t\t\t\t\t\t\t\t\t\t\t\t\t\t\t\t\t\t\t\t<div class=\"box-label\">\n\t\t\t\t\t\t\t\t\t\t\t\t\t\t\t\t\t\t\t\t\t\t\t\t\t\t\t\t\t<\/div>\n\t\t\t\t\t\t\t\t\t\t\t\t\t\t\t\t<\/div>\n\t\t\t\t\t\t\t\t\t\t\t\t\t\t\t\t\t<p class=\"product-description\">D\u0103nu\u021b Dobo\u0219, Adu-\u021bi aminte, Marie, \u0219i de Rom\u00e2nia: \u00eenceputurile cultului Madonei de Lourdes \u00een Rom\u00e2nia, edi\u021bia a doua, Ia\u0219i 2018, 272 p., 14\u00d720, ISBN 978-606-578-353-9, 20 lei.\u00a0\r\nLa..<\/p>\n\t\t\t\t\t\t\t\t\t\t\t\t\t\t\t\t\t\t\t\t\t\t\t\t\t<div class=\"button-group\">\n\t\t\t\t\t\t\t\t\t\t<div class=\"inner\">\n\t\t\t\t\t\t\t\t\t\t\t\t\t\t\t\t\t\t\t\t\t\t\t<button type=\"button\" class=\"button-cart\"  title=\"Adaug\u0103 \u00een Co\u0219\" onclick=\"cart.add('2860', '1');\"><span>Adaug\u0103 \u00een Co\u0219<\/span><\/button>\n\t\t\t\t\t\t\t\t\t\t\t\t\t\t\t\t\t\t\t\t\t\t\t\t\t\t\t\t\t\t\t\t\t\t<button type=\"button\" class=\"button-wishlist\"  title=\"Adaug\u0103 la Favorite\" onclick=\"wishlist.add('2860');\"><span>Adaug\u0103 la Favorite<\/span><\/button>\n\t\t\t\t\t\t\t\t\t\t\t\t\t\t\t\t\t\t\t\t\t\t\t\t\t\t\t\t\t\t\t\t\t\t<button type=\"button\" class=\"button-compare\"  title=\"Compar\u0103 acest Produs\" onclick=\"compare.add('2860');\"><span>Compar\u0103 acest Produs<\/span><\/button>\n\t\t\t\t\t\t\t\t\t\t\t\t\t\t\t\t\t\t\t\t\t\t\n\t\t\t\t\t\t\t\t\t\t<\/div>\n\t\t\t\t\t\t\t\t\t<\/div>\n\t\t\t\t\t\t\t\t\t\t\t\t\t\t\t<\/div>\n\t\t\t\t\t\t\t\n\t\t\t\t\t\t<\/div>\n\t\t\t\t\t\t\n\t\t\t\t\t<\/div>\n\t\t\t\t<\/div>\n\t\t\t<\/div>\n\t\t\t\t\t<div class=\"product-layout product-list col-xs-12 product-items\">\n\t\t\t\t<div class=\"product-thumb\">\n\t\t\t\t\t<div class=\"product-item\">\t\t\t\t\n\t\t\t\t\t\t\t\t\t\t\t\t\t<div class=\"image rotate-image-container\">\n\t\t\t\t\t\t\t\t<div class=\"inner\">\n\t\t\t\t\t\t\t\t\t\n\t\t\t\t\t\t\t\t\t<a href=\"https:\/\/librariasapientia.ro\/istoria-bisericii\/anton-durcovici-vescovo-e-martire-in-romania\">\n\t\t\t\t\t\t\t\t\t\t<img src=\"https:\/\/librariasapientia.ro\/image\/cache\/catalog\/a\/n\/anton_durcovici_vescovo_e_martire_in_romania-600x600.jpg\" alt=\"Anton Durcovici, vescovo e martire in Romania\" title=\"Anton Durcovici, vescovo e martire in Romania\" class=\"img-responsive img-default-image\" \/>\n\t\t\t\t\t\t\t\t\t\t\t\t\t\t\t\t\t\t\t<\/a>\n\t\t\t\t\t\t\t\t\t<div class=\"quickview\">\n\t\t\t\t\t\t\t\t\t\t\t\t\t\t\t\t\t\t\t\t\t<button class=\"button-quickview\" type=\"button\"  title=\"\" onclick=\"ptquickview.ajaxView('https:\/\/librariasapientia.ro\/istoria-bisericii\/anton-durcovici-vescovo-e-martire-in-romania')\"><span><\/span><\/button>\n\t\t\t\t\t\t\t\t\t\t\t\t\t\t\t\t\t\t\t<\/div>\n\t\t\t\t\t\t\t\t\t\n\t\t\t\t\t\t\t\t<\/div>\n\t\t\t\t\t\t\t<\/div>\n\t\t\t\t\t\t\t\t\t\t\t\t\n\t\t\t\t\t\t<div class=\"caption\">\n\t\t\t\t\t\t\t<div class=\"inner\">\n\t\t\t\t\t\t\t\t\n\t\t\t\t\t\t\t\t\n\t\t\t\t\t\t\t\t\t\t\t\t\t\t\t\t\n\t\t\t\t\t\t\t\t<h4><a href=\"https:\/\/librariasapientia.ro\/istoria-bisericii\/anton-durcovici-vescovo-e-martire-in-romania\">Anton Durcovici, vescovo e martire in Romania<\/a><\/h4>\n\t\t\t\t\t\t\t\t\t\t\t\t\t\t\t\t<div>\n\t\t\t\t\t\t\t\t\t\t\t\t\t\t\t\t\t<p class=\"price\"> \t\t\t\t\t\t\t\t\t\t\t10,00 Lei\n\t\t\t\t\t\t\t\t\t\t\t\t\t\t\t\t\t\t\t\t <\/p>\n\t\t\t\t\t\t\t\t\t\t\t\t\t\t\t\t\t\t\t\t\t\t\t\t\t<div class=\"box-label\">\n\t\t\t\t\t\t\t\t\t\t\t\t\t\t\t\t\t\t\t\t\t\t\t\t\t\t\t\t\t<\/div>\n\t\t\t\t\t\t\t\t\t\t\t\t\t\t\t\t<\/div>\n\t\t\t\t\t\t\t\t\t\t\t\t\t\t\t\t\t<p class=\"product-description\">\u00a0\u00a0 Editura \"Sapientia\" anun\u0163\u0103 apari\u0163ia c\u0103r\u0163ii Anton Durcovici, vescovo e martire in Romania. Cartea apare \u00een colec\u0163ia \"Istoria Bisericii\", \u00een formatul 14x20 cm, are 136 pagini \u015fi p..<\/p>\n\t\t\t\t\t\t\t\t\t\t\t\t\t\t\t\t\t\t\t\t\t\t\t\t\t<div class=\"button-group\">\n\t\t\t\t\t\t\t\t\t\t<div class=\"inner\">\n\t\t\t\t\t\t\t\t\t\t\t\t\t\t\t\t\t\t\t\t\t\t\t<button type=\"button\" class=\"button-cart\"  title=\"Adaug\u0103 \u00een Co\u0219\" onclick=\"cart.add('2058', '1');\"><span>Adaug\u0103 \u00een Co\u0219<\/span><\/button>\n\t\t\t\t\t\t\t\t\t\t\t\t\t\t\t\t\t\t\t\t\t\t\t\t\t\t\t\t\t\t\t\t\t\t<button type=\"button\" class=\"button-wishlist\"  title=\"Adaug\u0103 la Favorite\" onclick=\"wishlist.add('2058');\"><span>Adaug\u0103 la Favorite<\/span><\/button>\n\t\t\t\t\t\t\t\t\t\t\t\t\t\t\t\t\t\t\t\t\t\t\t\t\t\t\t\t\t\t\t\t\t\t<button type=\"button\" class=\"button-compare\"  title=\"Compar\u0103 acest Produs\" onclick=\"compare.add('2058');\"><span>Compar\u0103 acest Produs<\/span><\/button>\n\t\t\t\t\t\t\t\t\t\t\t\t\t\t\t\t\t\t\t\t\t\t\n\t\t\t\t\t\t\t\t\t\t<\/div>\n\t\t\t\t\t\t\t\t\t<\/div>\n\t\t\t\t\t\t\t\t\t\t\t\t\t\t\t<\/div>\n\t\t\t\t\t\t\t\n\t\t\t\t\t\t<\/div>\n\t\t\t\t\t\t\n\t\t\t\t\t<\/div>\n\t\t\t\t<\/div>\n\t\t\t<\/div>\n\t\t\t\t\t<div class=\"product-layout product-list col-xs-12 product-items\">\n\t\t\t\t<div class=\"product-thumb\">\n\t\t\t\t\t<div class=\"product-item\">\t\t\t\t\n\t\t\t\t\t\t\t\t\t\t\t\t\t<div class=\"image rotate-image-container\">\n\t\t\t\t\t\t\t\t<div class=\"inner\">\n\t\t\t\t\t\t\t\t\t\n\t\t\t\t\t\t\t\t\t<a href=\"https:\/\/librariasapientia.ro\/istoria-bisericii\/bine-ai-venit-stapane\">\n\t\t\t\t\t\t\t\t\t\t<img src=\"https:\/\/librariasapientia.ro\/image\/cache\/catalog\/b\/i\/bine-ai-venit-stapane-600x600.jpg\" alt=\"Bine ai venit, St\u0103p\u00e2ne\" title=\"Bine ai venit, St\u0103p\u00e2ne\" class=\"img-responsive img-default-image\" \/>\n\t\t\t\t\t\t\t\t\t\t\t\t\t\t\t\t\t\t\t<\/a>\n\t\t\t\t\t\t\t\t\t<div class=\"quickview\">\n\t\t\t\t\t\t\t\t\t\t\t\t\t\t\t\t\t\t\t\t\t<button class=\"button-quickview\" type=\"button\"  title=\"\" onclick=\"ptquickview.ajaxView('https:\/\/librariasapientia.ro\/istoria-bisericii\/bine-ai-venit-stapane')\"><span><\/span><\/button>\n\t\t\t\t\t\t\t\t\t\t\t\t\t\t\t\t\t\t\t<\/div>\n\t\t\t\t\t\t\t\t\t\n\t\t\t\t\t\t\t\t<\/div>\n\t\t\t\t\t\t\t<\/div>\n\t\t\t\t\t\t\t\t\t\t\t\t\n\t\t\t\t\t\t<div class=\"caption\">\n\t\t\t\t\t\t\t<div class=\"inner\">\n\t\t\t\t\t\t\t\t\n\t\t\t\t\t\t\t\t\n\t\t\t\t\t\t\t\t\t\t\t\t\t\t\t\t\n\t\t\t\t\t\t\t\t<h4><a href=\"https:\/\/librariasapientia.ro\/istoria-bisericii\/bine-ai-venit-stapane\">Bine ai venit, St\u0103p\u00e2ne<\/a><\/h4>\n\t\t\t\t\t\t\t\t\t\t\t\t\t\t\t\t<div>\n\t\t\t\t\t\t\t\t\t\t\t\t\t\t\t\t\t<p class=\"price\"> \t\t\t\t\t\t\t\t\t\t\t8,00 Lei\n\t\t\t\t\t\t\t\t\t\t\t\t\t\t\t\t\t\t\t\t <\/p>\n\t\t\t\t\t\t\t\t\t\t\t\t\t\t\t\t\t\t\t\t\t\t\t\t\t<div class=\"box-label\">\n\t\t\t\t\t\t\t\t\t\t\t\t\t\t\t\t\t\t\t\t\t\t\t\t\t\t\t\t\t<\/div>\n\t\t\t\t\t\t\t\t\t\t\t\t\t\t\t\t<\/div>\n\t\t\t\t\t\t\t\t\t\t\t\t\t\t\t\t\t<p class=\"product-description\">\u00a0\u00a0 Este o mare bucurie pentru orice diecez\u0103 orfan\u0103 atunci c\u00e2nd Marele Preot, Isus Cristos, prin vicarul s\u0103u, papa de la Roma, \u015fterg\u00e2ndu-i lacrimile, \u00eei d\u0103 un nou p\u0103stor, un nou epi..<\/p>\n\t\t\t\t\t\t\t\t\t\t\t\t\t\t\t\t\t\t\t\t\t\t\t\t\t<div class=\"button-group\">\n\t\t\t\t\t\t\t\t\t\t<div class=\"inner\">\n\t\t\t\t\t\t\t\t\t\t\t\t\t\t\t\t\t\t\t\t\t\t\t<button type=\"button\" class=\"button-cart\"  title=\"Adaug\u0103 \u00een Co\u0219\" onclick=\"cart.add('2224', '1');\"><span>Adaug\u0103 \u00een Co\u0219<\/span><\/button>\n\t\t\t\t\t\t\t\t\t\t\t\t\t\t\t\t\t\t\t\t\t\t\t\t\t\t\t\t\t\t\t\t\t\t<button type=\"button\" class=\"button-wishlist\"  title=\"Adaug\u0103 la Favorite\" onclick=\"wishlist.add('2224');\"><span>Adaug\u0103 la Favorite<\/span><\/button>\n\t\t\t\t\t\t\t\t\t\t\t\t\t\t\t\t\t\t\t\t\t\t\t\t\t\t\t\t\t\t\t\t\t\t<button type=\"button\" class=\"button-compare\"  title=\"Compar\u0103 acest Produs\" onclick=\"compare.add('2224');\"><span>Compar\u0103 acest Produs<\/span><\/button>\n\t\t\t\t\t\t\t\t\t\t\t\t\t\t\t\t\t\t\t\t\t\t\n\t\t\t\t\t\t\t\t\t\t<\/div>\n\t\t\t\t\t\t\t\t\t<\/div>\n\t\t\t\t\t\t\t\t\t\t\t\t\t\t\t<\/div>\n\t\t\t\t\t\t\t\n\t\t\t\t\t\t<\/div>\n\t\t\t\t\t\t\n\t\t\t\t\t<\/div>\n\t\t\t\t<\/div>\n\t\t\t<\/div>\n\t\t\t\t\t<div class=\"product-layout product-list col-xs-12 product-items\">\n\t\t\t\t<div class=\"product-thumb\">\n\t\t\t\t\t<div class=\"product-item\">\t\t\t\t\n\t\t\t\t\t\t\t\t\t\t\t\t\t<div class=\"image rotate-image-container\">\n\t\t\t\t\t\t\t\t<div class=\"inner\">\n\t\t\t\t\t\t\t\t\t\n\t\t\t\t\t\t\t\t\t<a href=\"https:\/\/librariasapientia.ro\/istoria-bisericii\/biserica-catolica-din-japonia-trecut-si-actualitate\">\n\t\t\t\t\t\t\t\t\t\t<img src=\"\" alt=\"Biserica catolic\u0103 din Japonia. Trecut \u0219i actualitate\" title=\"Biserica catolic\u0103 din Japonia. Trecut \u0219i actualitate\" class=\"img-responsive img-default-image\" \/>\n\t\t\t\t\t\t\t\t\t\t\t\t\t\t\t\t\t\t\t<\/a>\n\t\t\t\t\t\t\t\t\t<div class=\"quickview\">\n\t\t\t\t\t\t\t\t\t\t\t\t\t\t\t\t\t\t\t\t\t<button class=\"button-quickview\" type=\"button\"  title=\"\" onclick=\"ptquickview.ajaxView('https:\/\/librariasapientia.ro\/istoria-bisericii\/biserica-catolica-din-japonia-trecut-si-actualitate')\"><span><\/span><\/button>\n\t\t\t\t\t\t\t\t\t\t\t\t\t\t\t\t\t\t\t<\/div>\n\t\t\t\t\t\t\t\t\t\n\t\t\t\t\t\t\t\t<\/div>\n\t\t\t\t\t\t\t<\/div>\n\t\t\t\t\t\t\t\t\t\t\t\t\n\t\t\t\t\t\t<div class=\"caption\">\n\t\t\t\t\t\t\t<div class=\"inner\">\n\t\t\t\t\t\t\t\t\n\t\t\t\t\t\t\t\t\n\t\t\t\t\t\t\t\t\t\t\t\t\t\t\t\t\n\t\t\t\t\t\t\t\t<h4><a href=\"https:\/\/librariasapientia.ro\/istoria-bisericii\/biserica-catolica-din-japonia-trecut-si-actualitate\">Biserica catolic\u0103 din Japonia. Trecut \u0219i actualitate<\/a><\/h4>\n\t\t\t\t\t\t\t\t\t\t\t\t\t\t\t\t<div>\n\t\t\t\t\t\t\t\t\t\t\t\t\t\t\t\t\t<p class=\"price\"> \t\t\t\t\t\t\t\t\t\t\t10,00 Lei\n\t\t\t\t\t\t\t\t\t\t\t\t\t\t\t\t\t\t\t\t <\/p>\n\t\t\t\t\t\t\t\t\t\t\t\t\t\t\t\t\t\t\t\t\t\t\t\t\t<div class=\"box-label\">\n\t\t\t\t\t\t\t\t\t\t\t\t\t\t\t\t\t\t\t\t\t\t\t\t\t\t\t\t\t<\/div>\n\t\t\t\t\t\t\t\t\t\t\t\t\t\t\t\t<\/div>\n\t\t\t\t\t\t\t\t\t\t\t\t\t\t\t\t\t<p class=\"product-description\">\u00a0\u00a0 Japonia (\u021aara Soarelui R\u0103sare) a fost descoperit\u0103 din \u00eent\u00e2mplare de c\u0103tre portughezi, \u00eentre 1542-1543, c\u00e2nd o ambarca\u0163iune deviat\u0103 de un uragan a nimerit \u00een insulele japoneze. \u00ce..<\/p>\n\t\t\t\t\t\t\t\t\t\t\t\t\t\t\t\t\t\t\t\t\t\t\t\t\t<div class=\"button-group\">\n\t\t\t\t\t\t\t\t\t\t<div class=\"inner\">\n\t\t\t\t\t\t\t\t\t\t\t\t\t\t\t\t\t\t\t\t\t\t\t<button type=\"button\" class=\"button-cart\"  title=\"Adaug\u0103 \u00een Co\u0219\" onclick=\"cart.add('2227', '1');\"><span>Adaug\u0103 \u00een Co\u0219<\/span><\/button>\n\t\t\t\t\t\t\t\t\t\t\t\t\t\t\t\t\t\t\t\t\t\t\t\t\t\t\t\t\t\t\t\t\t\t<button type=\"button\" class=\"button-wishlist\"  title=\"Adaug\u0103 la Favorite\" onclick=\"wishlist.add('2227');\"><span>Adaug\u0103 la Favorite<\/span><\/button>\n\t\t\t\t\t\t\t\t\t\t\t\t\t\t\t\t\t\t\t\t\t\t\t\t\t\t\t\t\t\t\t\t\t\t<button type=\"button\" class=\"button-compare\"  title=\"Compar\u0103 acest Produs\" onclick=\"compare.add('2227');\"><span>Compar\u0103 acest Produs<\/span><\/button>\n\t\t\t\t\t\t\t\t\t\t\t\t\t\t\t\t\t\t\t\t\t\t\n\t\t\t\t\t\t\t\t\t\t<\/div>\n\t\t\t\t\t\t\t\t\t<\/div>\n\t\t\t\t\t\t\t\t\t\t\t\t\t\t\t<\/div>\n\t\t\t\t\t\t\t\n\t\t\t\t\t\t<\/div>\n\t\t\t\t\t\t\n\t\t\t\t\t<\/div>\n\t\t\t\t<\/div>\n\t\t\t<\/div>\n\t\t\t\t\t<div class=\"product-layout product-list col-xs-12 product-items\">\n\t\t\t\t<div class=\"product-thumb\">\n\t\t\t\t\t<div class=\"product-item\">\t\t\t\t\n\t\t\t\t\t\t\t\t\t\t\t\t\t<div class=\"image rotate-image-container\">\n\t\t\t\t\t\t\t\t<div class=\"inner\">\n\t\t\t\t\t\t\t\t\t\n\t\t\t\t\t\t\t\t\t<a href=\"https:\/\/librariasapientia.ro\/istoria-bisericii\/biserica-si-istoria-vol-i-rezistenta-prin-credinta\">\n\t\t\t\t\t\t\t\t\t\t<img src=\"https:\/\/librariasapientia.ro\/image\/cache\/catalog\/s\/a\/sap1816_biserica-si-istoria-i-600x600.png\" alt=\"Biserica \u0219i istoria. Vol. I. Rezisten\u021ba prin credin\u021b\u0103\" title=\"Biserica \u0219i istoria. Vol. I. Rezisten\u021ba prin credin\u021b\u0103\" class=\"img-responsive img-default-image\" \/>\n\t\t\t\t\t\t\t\t\t\t\t\t\t\t\t\t\t\t\t<\/a>\n\t\t\t\t\t\t\t\t\t<div class=\"quickview\">\n\t\t\t\t\t\t\t\t\t\t\t\t\t\t\t\t\t\t\t\t\t<button class=\"button-quickview\" type=\"button\"  title=\"\" onclick=\"ptquickview.ajaxView('https:\/\/librariasapientia.ro\/istoria-bisericii\/biserica-si-istoria-vol-i-rezistenta-prin-credinta')\"><span><\/span><\/button>\n\t\t\t\t\t\t\t\t\t\t\t\t\t\t\t\t\t\t\t<\/div>\n\t\t\t\t\t\t\t\t\t\n\t\t\t\t\t\t\t\t<\/div>\n\t\t\t\t\t\t\t<\/div>\n\t\t\t\t\t\t\t\t\t\t\t\t\n\t\t\t\t\t\t<div class=\"caption\">\n\t\t\t\t\t\t\t<div class=\"inner\">\n\t\t\t\t\t\t\t\t\n\t\t\t\t\t\t\t\t\n\t\t\t\t\t\t\t\t\t\t\t\t\t\t\t\t\n\t\t\t\t\t\t\t\t<h4><a href=\"https:\/\/librariasapientia.ro\/istoria-bisericii\/biserica-si-istoria-vol-i-rezistenta-prin-credinta\">Biserica \u0219i istoria. Vol. I. Rezisten\u021ba prin credin\u021b\u0103<\/a><\/h4>\n\t\t\t\t\t\t\t\t\t\t\t\t\t\t\t\t<div>\n\t\t\t\t\t\t\t\t\t\t\t\t\t\t\t\t\t<p class=\"price\">  <span class=\"price-new\">20,00 Lei<\/span> <span class=\"price-old\">30,00 Lei<\/span> \t\t\t\t\t\t\t\t\t\t <\/p>\n\t\t\t\t\t\t\t\t\t\t\t\t\t\t\t\t\t\t\t\t\t\t\t\t\t<div class=\"box-label\">\n\t\t\t\t\t\t\t\t\t\t\t\t\t\t\t\t\t\t\t\t\t<div><span class=\"pro-label sale\">-33%<\/span><\/div>\n\t\t\t\t\t\t\t\t\t\t\t\t\t\t\t\t\t\t\t\t\t\t\t\t\t\t\t\t\t<\/div>\n\t\t\t\t\t\t\t\t\t\t\t\t\t\t\t\t<\/div>\n\t\t\t\t\t\t\t\t\t\t\t\t\t\t\t\t\t<p class=\"product-description\">La Editura \u201eSapientia\u201d a ap\u0103rut recent\u00a0cartea:\u00a0Biserica \u0219i istoria.\u00a0Vol. I.\u00a0Rezisten\u021ba prin credin\u021b\u0103, scris\u0103 de dr.\u00a0D\u0103nu\u021b Dobo\u0219 \u0219i pr. dr. Petru Ciobanu. Cartea apare \u00een colec\u021bia \u201e..<\/p>\n\t\t\t\t\t\t\t\t\t\t\t\t\t\t\t\t\t\t\t\t\t\t\t\t\t<div class=\"button-group\">\n\t\t\t\t\t\t\t\t\t\t<div class=\"inner\">\n\t\t\t\t\t\t\t\t\t\t\t\t\t\t\t\t\t\t\t\t\t\t\t<button type=\"button\" class=\"button-cart\"  title=\"Adaug\u0103 \u00een Co\u0219\" onclick=\"cart.add('2962', '1');\"><span>Adaug\u0103 \u00een Co\u0219<\/span><\/button>\n\t\t\t\t\t\t\t\t\t\t\t\t\t\t\t\t\t\t\t\t\t\t\t\t\t\t\t\t\t\t\t\t\t\t<button type=\"button\" class=\"button-wishlist\"  title=\"Adaug\u0103 la Favorite\" onclick=\"wishlist.add('2962');\"><span>Adaug\u0103 la Favorite<\/span><\/button>\n\t\t\t\t\t\t\t\t\t\t\t\t\t\t\t\t\t\t\t\t\t\t\t\t\t\t\t\t\t\t\t\t\t\t<button type=\"button\" class=\"button-compare\"  title=\"Compar\u0103 acest Produs\" onclick=\"compare.add('2962');\"><span>Compar\u0103 acest Produs<\/span><\/button>\n\t\t\t\t\t\t\t\t\t\t\t\t\t\t\t\t\t\t\t\t\t\t\n\t\t\t\t\t\t\t\t\t\t<\/div>\n\t\t\t\t\t\t\t\t\t<\/div>\n\t\t\t\t\t\t\t\t\t\t\t\t\t\t\t<\/div>\n\t\t\t\t\t\t\t\n\t\t\t\t\t\t<\/div>\n\t\t\t\t\t\t\n\t\t\t\t\t<\/div>\n\t\t\t\t<\/div>\n\t\t\t<\/div>\n\t\t\t\t\t<div class=\"product-layout product-list col-xs-12 product-items\">\n\t\t\t\t<div class=\"product-thumb\">\n\t\t\t\t\t<div class=\"product-item\">\t\t\t\t\n\t\t\t\t\t\t\t\t\t\t\t\t\t<div class=\"image rotate-image-container\">\n\t\t\t\t\t\t\t\t<div class=\"inner\">\n\t\t\t\t\t\t\t\t\t\n\t\t\t\t\t\t\t\t\t<a href=\"https:\/\/librariasapientia.ro\/istoria-bisericii\/biserica-si-istoria-vol-ii-oameni-care-au-facut-istorie\">\n\t\t\t\t\t\t\t\t\t\t<img src=\"https:\/\/librariasapientia.ro\/image\/cache\/catalog\/s\/a\/sap1817_biserica_-istoria_ii-600x600.png\" alt=\"Biserica \u0219i istoria. Vol. II. Oameni care au f\u0103cut istorie\" title=\"Biserica \u0219i istoria. Vol. II. Oameni care au f\u0103cut istorie\" class=\"img-responsive img-default-image\" \/>\n\t\t\t\t\t\t\t\t\t\t\t\t\t\t\t\t\t\t\t<\/a>\n\t\t\t\t\t\t\t\t\t<div class=\"quickview\">\n\t\t\t\t\t\t\t\t\t\t\t\t\t\t\t\t\t\t\t\t\t<button class=\"button-quickview\" type=\"button\"  title=\"\" onclick=\"ptquickview.ajaxView('https:\/\/librariasapientia.ro\/istoria-bisericii\/biserica-si-istoria-vol-ii-oameni-care-au-facut-istorie')\"><span><\/span><\/button>\n\t\t\t\t\t\t\t\t\t\t\t\t\t\t\t\t\t\t\t<\/div>\n\t\t\t\t\t\t\t\t\t\n\t\t\t\t\t\t\t\t<\/div>\n\t\t\t\t\t\t\t<\/div>\n\t\t\t\t\t\t\t\t\t\t\t\t\n\t\t\t\t\t\t<div class=\"caption\">\n\t\t\t\t\t\t\t<div class=\"inner\">\n\t\t\t\t\t\t\t\t\n\t\t\t\t\t\t\t\t\n\t\t\t\t\t\t\t\t\t\t\t\t\t\t\t\t\n\t\t\t\t\t\t\t\t<h4><a href=\"https:\/\/librariasapientia.ro\/istoria-bisericii\/biserica-si-istoria-vol-ii-oameni-care-au-facut-istorie\">Biserica \u0219i istoria. Vol. II. Oameni care au f\u0103cut istorie<\/a><\/h4>\n\t\t\t\t\t\t\t\t\t\t\t\t\t\t\t\t<div>\n\t\t\t\t\t\t\t\t\t\t\t\t\t\t\t\t\t<p class=\"price\">  <span class=\"price-new\">20,00 Lei<\/span> <span class=\"price-old\">30,00 Lei<\/span> \t\t\t\t\t\t\t\t\t\t <\/p>\n\t\t\t\t\t\t\t\t\t\t\t\t\t\t\t\t\t\t\t\t\t\t\t\t\t<div class=\"box-label\">\n\t\t\t\t\t\t\t\t\t\t\t\t\t\t\t\t\t\t\t\t\t<div><span class=\"pro-label sale\">-33%<\/span><\/div>\n\t\t\t\t\t\t\t\t\t\t\t\t\t\t\t\t\t\t\t\t\t\t\t\t\t\t\t\t\t<\/div>\n\t\t\t\t\t\t\t\t\t\t\t\t\t\t\t\t<\/div>\n\t\t\t\t\t\t\t\t\t\t\t\t\t\t\t\t\t<p class=\"product-description\">La Editura \u201eSapientia\u201d a ap\u0103rut recent\u00a0cartea:\u00a0Biserica \u0219i istoria.\u00a0Vol. II.\u00a0Oameni care au f\u0103cut istorie, scris\u0103 de dr.\u00a0D\u0103nu\u021b Dobo\u0219 \u0219i pr. dr. Petru Ciobanu. Cartea apare \u00een colec..<\/p>\n\t\t\t\t\t\t\t\t\t\t\t\t\t\t\t\t\t\t\t\t\t\t\t\t\t<div class=\"button-group\">\n\t\t\t\t\t\t\t\t\t\t<div class=\"inner\">\n\t\t\t\t\t\t\t\t\t\t\t\t\t\t\t\t\t\t\t\t\t\t\t<button type=\"button\" class=\"button-cart\"  title=\"Adaug\u0103 \u00een Co\u0219\" onclick=\"cart.add('2965', '1');\"><span>Adaug\u0103 \u00een Co\u0219<\/span><\/button>\n\t\t\t\t\t\t\t\t\t\t\t\t\t\t\t\t\t\t\t\t\t\t\t\t\t\t\t\t\t\t\t\t\t\t<button type=\"button\" class=\"button-wishlist\"  title=\"Adaug\u0103 la Favorite\" onclick=\"wishlist.add('2965');\"><span>Adaug\u0103 la Favorite<\/span><\/button>\n\t\t\t\t\t\t\t\t\t\t\t\t\t\t\t\t\t\t\t\t\t\t\t\t\t\t\t\t\t\t\t\t\t\t<button type=\"button\" class=\"button-compare\"  title=\"Compar\u0103 acest Produs\" onclick=\"compare.add('2965');\"><span>Compar\u0103 acest Produs<\/span><\/button>\n\t\t\t\t\t\t\t\t\t\t\t\t\t\t\t\t\t\t\t\t\t\t\n\t\t\t\t\t\t\t\t\t\t<\/div>\n\t\t\t\t\t\t\t\t\t<\/div>\n\t\t\t\t\t\t\t\t\t\t\t\t\t\t\t<\/div>\n\t\t\t\t\t\t\t\n\t\t\t\t\t\t<\/div>\n\t\t\t\t\t\t\n\t\t\t\t\t<\/div>\n\t\t\t\t<\/div>\n\t\t\t<\/div>\n\t\t\t\t\t<div class=\"product-layout product-list col-xs-12 product-items\">\n\t\t\t\t<div class=\"product-thumb\">\n\t\t\t\t\t<div class=\"product-item\">\t\t\t\t\n\t\t\t\t\t\t\t\t\t\t\t\t\t<div class=\"image rotate-image-container\">\n\t\t\t\t\t\t\t\t<div class=\"inner\">\n\t\t\t\t\t\t\t\t\t\n\t\t\t\t\t\t\t\t\t<a href=\"https:\/\/librariasapientia.ro\/istoria-bisericii\/biserica-si-istoria-vol-iii-itinerare-istorice-si-culturale\">\n\t\t\t\t\t\t\t\t\t\t<img src=\"https:\/\/librariasapientia.ro\/image\/cache\/catalog\/s\/a\/sap1818_biserica_istoria_iii-600x600.jpg\" alt=\"Biserica \u0219i istoria. Vol. III. Itinerare istorice \u015fi culturale\" title=\"Biserica \u0219i istoria. Vol. III. Itinerare istorice \u015fi culturale\" class=\"img-responsive img-default-image\" \/>\n\t\t\t\t\t\t\t\t\t\t\t\t\t\t\t\t\t\t\t<\/a>\n\t\t\t\t\t\t\t\t\t<div class=\"quickview\">\n\t\t\t\t\t\t\t\t\t\t\t\t\t\t\t\t\t\t\t\t\t<button class=\"button-quickview\" type=\"button\"  title=\"\" onclick=\"ptquickview.ajaxView('https:\/\/librariasapientia.ro\/istoria-bisericii\/biserica-si-istoria-vol-iii-itinerare-istorice-si-culturale')\"><span><\/span><\/button>\n\t\t\t\t\t\t\t\t\t\t\t\t\t\t\t\t\t\t\t<\/div>\n\t\t\t\t\t\t\t\t\t\n\t\t\t\t\t\t\t\t<\/div>\n\t\t\t\t\t\t\t<\/div>\n\t\t\t\t\t\t\t\t\t\t\t\t\n\t\t\t\t\t\t<div class=\"caption\">\n\t\t\t\t\t\t\t<div class=\"inner\">\n\t\t\t\t\t\t\t\t\n\t\t\t\t\t\t\t\t\n\t\t\t\t\t\t\t\t\t\t\t\t\t\t\t\t\n\t\t\t\t\t\t\t\t<h4><a href=\"https:\/\/librariasapientia.ro\/istoria-bisericii\/biserica-si-istoria-vol-iii-itinerare-istorice-si-culturale\">Biserica \u0219i istoria. Vol. III. Itinerare istorice \u015fi culturale<\/a><\/h4>\n\t\t\t\t\t\t\t\t\t\t\t\t\t\t\t\t<div>\n\t\t\t\t\t\t\t\t\t\t\t\t\t\t\t\t\t<p class=\"price\">  <span class=\"price-new\">20,00 Lei<\/span> <span class=\"price-old\">30,00 Lei<\/span> \t\t\t\t\t\t\t\t\t\t <\/p>\n\t\t\t\t\t\t\t\t\t\t\t\t\t\t\t\t\t\t\t\t\t\t\t\t\t<div class=\"box-label\">\n\t\t\t\t\t\t\t\t\t\t\t\t\t\t\t\t\t\t\t\t\t<div><span class=\"pro-label sale\">-33%<\/span><\/div>\n\t\t\t\t\t\t\t\t\t\t\t\t\t\t\t\t\t\t\t\t\t\t\t\t\t\t\t\t\t<\/div>\n\t\t\t\t\t\t\t\t\t\t\t\t\t\t\t\t<\/div>\n\t\t\t\t\t\t\t\t\t\t\t\t\t\t\t\t\t<p class=\"product-description\">La Editura \u201eSapientia\u201d a ap\u0103rut recent\u00a0cartea:\u00a0Biserica \u0219i istoria.\u00a0Vol. III.\u00a0Itinerare istorice \u015fi culturale, scris\u0103 de dr.\u00a0D\u0103nu\u021b Dobo\u0219 \u0219i pr. dr. Petru Ciobanu. Cartea apare \u00een c..<\/p>\n\t\t\t\t\t\t\t\t\t\t\t\t\t\t\t\t\t\t\t\t\t\t\t\t\t<div class=\"button-group\">\n\t\t\t\t\t\t\t\t\t\t<div class=\"inner\">\n\t\t\t\t\t\t\t\t\t\t\t\t\t\t\t\t\t\t\t\t\t\t\t<button type=\"button\" class=\"button-cart\"  title=\"Adaug\u0103 \u00een Co\u0219\" onclick=\"cart.add('2980', '1');\"><span>Adaug\u0103 \u00een Co\u0219<\/span><\/button>\n\t\t\t\t\t\t\t\t\t\t\t\t\t\t\t\t\t\t\t\t\t\t\t\t\t\t\t\t\t\t\t\t\t\t<button type=\"button\" class=\"button-wishlist\"  title=\"Adaug\u0103 la Favorite\" onclick=\"wishlist.add('2980');\"><span>Adaug\u0103 la Favorite<\/span><\/button>\n\t\t\t\t\t\t\t\t\t\t\t\t\t\t\t\t\t\t\t\t\t\t\t\t\t\t\t\t\t\t\t\t\t\t<button type=\"button\" class=\"button-compare\"  title=\"Compar\u0103 acest Produs\" onclick=\"compare.add('2980');\"><span>Compar\u0103 acest Produs<\/span><\/button>\n\t\t\t\t\t\t\t\t\t\t\t\t\t\t\t\t\t\t\t\t\t\t\n\t\t\t\t\t\t\t\t\t\t<\/div>\n\t\t\t\t\t\t\t\t\t<\/div>\n\t\t\t\t\t\t\t\t\t\t\t\t\t\t\t<\/div>\n\t\t\t\t\t\t\t\n\t\t\t\t\t\t<\/div>\n\t\t\t\t\t\t\n\t\t\t\t\t<\/div>\n\t\t\t\t<\/div>\n\t\t\t<\/div>\n\t\t\t\t\t<div class=\"product-layout product-list col-xs-12 product-items\">\n\t\t\t\t<div class=\"product-thumb\">\n\t\t\t\t\t<div class=\"product-item\">\t\t\t\t\n\t\t\t\t\t\t\t\t\t\t\t\t\t<div class=\"image rotate-image-container\">\n\t\t\t\t\t\t\t\t<div class=\"inner\">\n\t\t\t\t\t\t\t\t\t\n\t\t\t\t\t\t\t\t\t<a href=\"https:\/\/librariasapientia.ro\/istoria-bisericii\/biserica-si-scoala-din-istoria-invatamantului-catolic-in-romania\">\n\t\t\t\t\t\t\t\t\t\t<img src=\"https:\/\/librariasapientia.ro\/image\/cache\/catalog\/s\/a\/sap1753_dobos_biserica_si_scoala2-600x600.jpg\" alt=\"Biserica \u015fi \u015fcoala: din istoria \u00eenv\u0103\u0163\u0103m\u00e2ntului catolic \u00een Rom\u00e2nia\" title=\"Biserica \u015fi \u015fcoala: din istoria \u00eenv\u0103\u0163\u0103m\u00e2ntului catolic \u00een Rom\u00e2nia\" class=\"img-responsive img-default-image\" \/>\n\t\t\t\t\t\t\t\t\t\t\t\t\t\t\t\t\t\t\t<\/a>\n\t\t\t\t\t\t\t\t\t<div class=\"quickview\">\n\t\t\t\t\t\t\t\t\t\t\t\t\t\t\t\t\t\t\t\t\t<button class=\"button-quickview\" type=\"button\"  title=\"\" onclick=\"ptquickview.ajaxView('https:\/\/librariasapientia.ro\/istoria-bisericii\/biserica-si-scoala-din-istoria-invatamantului-catolic-in-romania')\"><span><\/span><\/button>\n\t\t\t\t\t\t\t\t\t\t\t\t\t\t\t\t\t\t\t<\/div>\n\t\t\t\t\t\t\t\t\t\n\t\t\t\t\t\t\t\t<\/div>\n\t\t\t\t\t\t\t<\/div>\n\t\t\t\t\t\t\t\t\t\t\t\t\n\t\t\t\t\t\t<div class=\"caption\">\n\t\t\t\t\t\t\t<div class=\"inner\">\n\t\t\t\t\t\t\t\t\n\t\t\t\t\t\t\t\t\n\t\t\t\t\t\t\t\t\t\t\t\t\t\t\t\t\n\t\t\t\t\t\t\t\t<h4><a href=\"https:\/\/librariasapientia.ro\/istoria-bisericii\/biserica-si-scoala-din-istoria-invatamantului-catolic-in-romania\">Biserica \u015fi \u015fcoala: din istoria \u00eenv\u0103\u0163\u0103m\u00e2ntului catolic \u00een Rom\u00e2nia<\/a><\/h4>\n\t\t\t\t\t\t\t\t\t\t\t\t\t\t\t\t<div>\n\t\t\t\t\t\t\t\t\t\t\t\t\t\t\t\t\t<p class=\"price\">  <span class=\"price-new\">20,00 Lei<\/span> <span class=\"price-old\">35,00 Lei<\/span> \t\t\t\t\t\t\t\t\t\t <\/p>\n\t\t\t\t\t\t\t\t\t\t\t\t\t\t\t\t\t\t\t\t\t\t\t\t\t<div class=\"box-label\">\n\t\t\t\t\t\t\t\t\t\t\t\t\t\t\t\t\t\t\t\t\t<div><span class=\"pro-label sale\">-43%<\/span><\/div>\n\t\t\t\t\t\t\t\t\t\t\t\t\t\t\t\t\t\t\t\t\t\t\t\t\t\t\t\t\t<\/div>\n\t\t\t\t\t\t\t\t\t\t\t\t\t\t\t\t<\/div>\n\t\t\t\t\t\t\t\t\t\t\t\t\t\t\t\t\t<p class=\"product-description\">La Editura \u201eSapientia\u201d a ap\u0103rut recent cartea\u00a0Biserica \u015fi \u015fcoala: din istoria \u00eenv\u0103\u0163\u0103m\u00e2ntului catolic \u00een Rom\u00e2nia, scris\u0103 de D\u0103nu\u0163 Dobo\u015f, Petru Ciobanu, (+) Iosif Gabor. Cartea apare..<\/p>\n\t\t\t\t\t\t\t\t\t\t\t\t\t\t\t\t\t\t\t\t\t\t\t\t\t<div class=\"button-group\">\n\t\t\t\t\t\t\t\t\t\t<div class=\"inner\">\n\t\t\t\t\t\t\t\t\t\t\t\t\t\t\t\t\t\t\t\t\t\t\t<button type=\"button\" class=\"button-cart\"  title=\"Adaug\u0103 \u00een Co\u0219\" onclick=\"cart.add('2902', '1');\"><span>Adaug\u0103 \u00een Co\u0219<\/span><\/button>\n\t\t\t\t\t\t\t\t\t\t\t\t\t\t\t\t\t\t\t\t\t\t\t\t\t\t\t\t\t\t\t\t\t\t<button type=\"button\" class=\"button-wishlist\"  title=\"Adaug\u0103 la Favorite\" onclick=\"wishlist.add('2902');\"><span>Adaug\u0103 la Favorite<\/span><\/button>\n\t\t\t\t\t\t\t\t\t\t\t\t\t\t\t\t\t\t\t\t\t\t\t\t\t\t\t\t\t\t\t\t\t\t<button type=\"button\" class=\"button-compare\"  title=\"Compar\u0103 acest Produs\" onclick=\"compare.add('2902');\"><span>Compar\u0103 acest Produs<\/span><\/button>\n\t\t\t\t\t\t\t\t\t\t\t\t\t\t\t\t\t\t\t\t\t\t\n\t\t\t\t\t\t\t\t\t\t<\/div>\n\t\t\t\t\t\t\t\t\t<\/div>\n\t\t\t\t\t\t\t\t\t\t\t\t\t\t\t<\/div>\n\t\t\t\t\t\t\t\n\t\t\t\t\t\t<\/div>\n\t\t\t\t\t\t\n\t\t\t\t\t<\/div>\n\t\t\t\t<\/div>\n\t\t\t<\/div>\n\t\t\t\t\t<div class=\"product-layout product-list col-xs-12 product-items\">\n\t\t\t\t<div class=\"product-thumb\">\n\t\t\t\t\t<div class=\"product-item\">\t\t\t\t\n\t\t\t\t\t\t\t\t\t\t\t\t\t<div class=\"image rotate-image-container\">\n\t\t\t\t\t\t\t\t<div class=\"inner\">\n\t\t\t\t\t\t\t\t\t\n\t\t\t\t\t\t\t\t\t<a href=\"https:\/\/librariasapientia.ro\/istoria-bisericii\/biserica-si-statul-in-europa-perspective-istorice-si-crestine\">\n\t\t\t\t\t\t\t\t\t\t<img src=\"https:\/\/librariasapientia.ro\/image\/cache\/catalog\/b\/i\/biserica-si-statul-in-europa-emil-dumea-600x600.jpg\" alt=\"Biserica \u0219i statul \u00een Europa. Perspective istorice \u0219i cre\u0219tine\" title=\"Biserica \u0219i statul \u00een Europa. Perspective istorice \u0219i cre\u0219tine\" class=\"img-responsive img-default-image\" \/>\n\t\t\t\t\t\t\t\t\t\t\t\t\t\t\t\t\t\t\t<\/a>\n\t\t\t\t\t\t\t\t\t<div class=\"quickview\">\n\t\t\t\t\t\t\t\t\t\t\t\t\t\t\t\t\t\t\t\t\t<button class=\"button-quickview\" type=\"button\"  title=\"\" onclick=\"ptquickview.ajaxView('https:\/\/librariasapientia.ro\/istoria-bisericii\/biserica-si-statul-in-europa-perspective-istorice-si-crestine')\"><span><\/span><\/button>\n\t\t\t\t\t\t\t\t\t\t\t\t\t\t\t\t\t\t\t<\/div>\n\t\t\t\t\t\t\t\t\t\n\t\t\t\t\t\t\t\t<\/div>\n\t\t\t\t\t\t\t<\/div>\n\t\t\t\t\t\t\t\t\t\t\t\t\n\t\t\t\t\t\t<div class=\"caption\">\n\t\t\t\t\t\t\t<div class=\"inner\">\n\t\t\t\t\t\t\t\t\n\t\t\t\t\t\t\t\t\n\t\t\t\t\t\t\t\t\t\t\t\t\t\t\t\t\n\t\t\t\t\t\t\t\t<h4><a href=\"https:\/\/librariasapientia.ro\/istoria-bisericii\/biserica-si-statul-in-europa-perspective-istorice-si-crestine\">Biserica \u0219i statul \u00een Europa. Perspective istorice \u0219i cre\u0219tine<\/a><\/h4>\n\t\t\t\t\t\t\t\t\t\t\t\t\t\t\t\t<div>\n\t\t\t\t\t\t\t\t\t\t\t\t\t\t\t\t\t<p class=\"price\"> \t\t\t\t\t\t\t\t\t\t\t20,00 Lei\n\t\t\t\t\t\t\t\t\t\t\t\t\t\t\t\t\t\t\t\t <\/p>\n\t\t\t\t\t\t\t\t\t\t\t\t\t\t\t\t\t\t\t\t\t\t\t\t\t<div class=\"box-label\">\n\t\t\t\t\t\t\t\t\t\t\t\t\t\t\t\t\t\t\t\t\t\t\t\t\t\t\t\t\t<\/div>\n\t\t\t\t\t\t\t\t\t\t\t\t\t\t\t\t<\/div>\n\t\t\t\t\t\t\t\t\t\t\t\t\t\t\t\t\t<p class=\"product-description\">\u00a0\u00a0 Biserica este institu\u0163ia divino-uman\u0103 care a luat fiin\u0163\u0103 \u00een mod nev\u0103zut sau tainic pe cruce, prin patima Fiului lui Dumnezeu, iar \u00een mod v\u0103zut, prin cobor\u00e2rea Duhului Sf\u00e2nt pest..<\/p>\n\t\t\t\t\t\t\t\t\t\t\t\t\t\t\t\t\t\t\t\t\t\t\t\t\t<div class=\"button-group\">\n\t\t\t\t\t\t\t\t\t\t<div class=\"inner\">\n\t\t\t\t\t\t\t\t\t\t\t\t\t\t\t\t\t\t\t\t\t\t\t<button type=\"button\" class=\"button-cart\"  title=\"Adaug\u0103 \u00een Co\u0219\" onclick=\"cart.add('2232', '1');\"><span>Adaug\u0103 \u00een Co\u0219<\/span><\/button>\n\t\t\t\t\t\t\t\t\t\t\t\t\t\t\t\t\t\t\t\t\t\t\t\t\t\t\t\t\t\t\t\t\t\t<button type=\"button\" class=\"button-wishlist\"  title=\"Adaug\u0103 la Favorite\" onclick=\"wishlist.add('2232');\"><span>Adaug\u0103 la Favorite<\/span><\/button>\n\t\t\t\t\t\t\t\t\t\t\t\t\t\t\t\t\t\t\t\t\t\t\t\t\t\t\t\t\t\t\t\t\t\t<button type=\"button\" class=\"button-compare\"  title=\"Compar\u0103 acest Produs\" onclick=\"compare.add('2232');\"><span>Compar\u0103 acest Produs<\/span><\/button>\n\t\t\t\t\t\t\t\t\t\t\t\t\t\t\t\t\t\t\t\t\t\t\n\t\t\t\t\t\t\t\t\t\t<\/div>\n\t\t\t\t\t\t\t\t\t<\/div>\n\t\t\t\t\t\t\t\t\t\t\t\t\t\t\t<\/div>\n\t\t\t\t\t\t\t\n\t\t\t\t\t\t<\/div>\n\t\t\t\t\t\t\n\t\t\t\t\t<\/div>\n\t\t\t\t<\/div>\n\t\t\t<\/div>\n\t\t\t\t\t<div class=\"product-layout product-list col-xs-12 product-items\">\n\t\t\t\t<div class=\"product-thumb\">\n\t\t\t\t\t<div class=\"product-item\">\t\t\t\t\n\t\t\t\t\t\t\t\t\t\t\t\t\t<div class=\"image rotate-image-container\">\n\t\t\t\t\t\t\t\t<div class=\"inner\">\n\t\t\t\t\t\t\t\t\t\n\t\t\t\t\t\t\t\t\t<a href=\"https:\/\/librariasapientia.ro\/istoria-bisericii\/bisericile-crestine-rasaritene-o-scurta-prezentare\">\n\t\t\t\t\t\t\t\t\t\t<img src=\"https:\/\/librariasapientia.ro\/image\/cache\/catalog\/b\/i\/bisericile-crestine-rasaritene-o-scurta-prezentare-600x600.jpg\" alt=\"Bisericile Crestine Rasaritene. O scurta prezentare\" title=\"Bisericile Crestine Rasaritene. O scurta prezentare\" class=\"img-responsive img-default-image\" \/>\n\t\t\t\t\t\t\t\t\t\t\t\t\t\t\t\t\t\t\t<\/a>\n\t\t\t\t\t\t\t\t\t<div class=\"quickview\">\n\t\t\t\t\t\t\t\t\t\t\t\t\t\t\t\t\t\t\t\t\t<button class=\"button-quickview\" type=\"button\"  title=\"\" onclick=\"ptquickview.ajaxView('https:\/\/librariasapientia.ro\/istoria-bisericii\/bisericile-crestine-rasaritene-o-scurta-prezentare')\"><span><\/span><\/button>\n\t\t\t\t\t\t\t\t\t\t\t\t\t\t\t\t\t\t\t<\/div>\n\t\t\t\t\t\t\t\t\t\n\t\t\t\t\t\t\t\t<\/div>\n\t\t\t\t\t\t\t<\/div>\n\t\t\t\t\t\t\t\t\t\t\t\t\n\t\t\t\t\t\t<div class=\"caption\">\n\t\t\t\t\t\t\t<div class=\"inner\">\n\t\t\t\t\t\t\t\t\n\t\t\t\t\t\t\t\t\n\t\t\t\t\t\t\t\t\t\t\t\t\t\t\t\t\n\t\t\t\t\t\t\t\t<h4><a href=\"https:\/\/librariasapientia.ro\/istoria-bisericii\/bisericile-crestine-rasaritene-o-scurta-prezentare\">Bisericile Crestine Rasaritene. O scurta prezentare<\/a><\/h4>\n\t\t\t\t\t\t\t\t\t\t\t\t\t\t\t\t<div>\n\t\t\t\t\t\t\t\t\t\t\t\t\t\t\t\t\t<p class=\"price\"> \t\t\t\t\t\t\t\t\t\t\t8,00 Lei\n\t\t\t\t\t\t\t\t\t\t\t\t\t\t\t\t\t\t\t\t <\/p>\n\t\t\t\t\t\t\t\t\t\t\t\t\t\t\t\t\t\t\t\t\t\t\t\t\t<div class=\"box-label\">\n\t\t\t\t\t\t\t\t\t\t\t\t\t\t\t\t\t\t\t\t\t\t\t\t\t\t\t\t\t<\/div>\n\t\t\t\t\t\t\t\t\t\t\t\t\t\t\t\t<\/div>\n\t\t\t\t\t\t\t\t\t\t\t\t\t\t\t\t\t<p class=\"product-description\">\u00a0\u00a0 Unul dintre motivele care m-au determinat sa scriu acest scurt studiu despre Bisericile Crestine Rasaritene a fost convingerea mea ca un factor major ce \u00eempie\u00addica reconcilierea..<\/p>\n\t\t\t\t\t\t\t\t\t\t\t\t\t\t\t\t\t\t\t\t\t\t\t\t\t<div class=\"button-group\">\n\t\t\t\t\t\t\t\t\t\t<div class=\"inner\">\n\t\t\t\t\t\t\t\t\t\t\t\t\t\t\t\t\t\t\t\t\t\t\t<button type=\"button\" class=\"button-cart\"  title=\"Adaug\u0103 \u00een Co\u0219\" onclick=\"cart.add('2214', '1');\"><span>Adaug\u0103 \u00een Co\u0219<\/span><\/button>\n\t\t\t\t\t\t\t\t\t\t\t\t\t\t\t\t\t\t\t\t\t\t\t\t\t\t\t\t\t\t\t\t\t\t<button type=\"button\" class=\"button-wishlist\"  title=\"Adaug\u0103 la Favorite\" onclick=\"wishlist.add('2214');\"><span>Adaug\u0103 la Favorite<\/span><\/button>\n\t\t\t\t\t\t\t\t\t\t\t\t\t\t\t\t\t\t\t\t\t\t\t\t\t\t\t\t\t\t\t\t\t\t<button type=\"button\" class=\"button-compare\"  title=\"Compar\u0103 acest Produs\" onclick=\"compare.add('2214');\"><span>Compar\u0103 acest Produs<\/span><\/button>\n\t\t\t\t\t\t\t\t\t\t\t\t\t\t\t\t\t\t\t\t\t\t\n\t\t\t\t\t\t\t\t\t\t<\/div>\n\t\t\t\t\t\t\t\t\t<\/div>\n\t\t\t\t\t\t\t\t\t\t\t\t\t\t\t<\/div>\n\t\t\t\t\t\t\t\n\t\t\t\t\t\t<\/div>\n\t\t\t\t\t\t\n\t\t\t\t\t<\/div>\n\t\t\t\t<\/div>\n\t\t\t<\/div>\n\t\t\t\t\t<div class=\"product-layout product-list col-xs-12 product-items\">\n\t\t\t\t<div class=\"product-thumb\">\n\t\t\t\t\t<div class=\"product-item\">\t\t\t\t\n\t\t\t\t\t\t\t\t\t\t\t\t\t<div class=\"image rotate-image-container\">\n\t\t\t\t\t\t\t\t<div class=\"inner\">\n\t\t\t\t\t\t\t\t\t\n\t\t\t\t\t\t\t\t\t<a href=\"https:\/\/librariasapientia.ro\/istoria-bisericii\/carti-si-reviste-catolice-romanesti-in-moldova\">\n\t\t\t\t\t\t\t\t\t\t<img src=\"https:\/\/librariasapientia.ro\/image\/cache\/catalog\/c\/a\/carti-si-reviste-catolice-romanesti-in-moldova-600x600.jpg\" alt=\"Carti si reviste catolice rom\u00e2nesti \u00een Moldova \" title=\"Carti si reviste catolice rom\u00e2nesti \u00een Moldova \" class=\"img-responsive img-default-image\" \/>\n\t\t\t\t\t\t\t\t\t\t\t\t\t\t\t\t\t\t\t<\/a>\n\t\t\t\t\t\t\t\t\t<div class=\"quickview\">\n\t\t\t\t\t\t\t\t\t\t\t\t\t\t\t\t\t\t\t\t\t<button class=\"button-quickview\" type=\"button\"  title=\"\" onclick=\"ptquickview.ajaxView('https:\/\/librariasapientia.ro\/istoria-bisericii\/carti-si-reviste-catolice-romanesti-in-moldova')\"><span><\/span><\/button>\n\t\t\t\t\t\t\t\t\t\t\t\t\t\t\t\t\t\t\t<\/div>\n\t\t\t\t\t\t\t\t\t\n\t\t\t\t\t\t\t\t<\/div>\n\t\t\t\t\t\t\t<\/div>\n\t\t\t\t\t\t\t\t\t\t\t\t\n\t\t\t\t\t\t<div class=\"caption\">\n\t\t\t\t\t\t\t<div class=\"inner\">\n\t\t\t\t\t\t\t\t\n\t\t\t\t\t\t\t\t\n\t\t\t\t\t\t\t\t\t\t\t\t\t\t\t\t\n\t\t\t\t\t\t\t\t<h4><a href=\"https:\/\/librariasapientia.ro\/istoria-bisericii\/carti-si-reviste-catolice-romanesti-in-moldova\">Carti si reviste catolice rom\u00e2nesti \u00een Moldova <\/a><\/h4>\n\t\t\t\t\t\t\t\t\t\t\t\t\t\t\t\t<div>\n\t\t\t\t\t\t\t\t\t\t\t\t\t\t\t\t\t<p class=\"price\"> \t\t\t\t\t\t\t\t\t\t\t4,00 Lei\n\t\t\t\t\t\t\t\t\t\t\t\t\t\t\t\t\t\t\t\t <\/p>\n\t\t\t\t\t\t\t\t\t\t\t\t\t\t\t\t\t\t\t\t\t\t\t\t\t<div class=\"box-label\">\n\t\t\t\t\t\t\t\t\t\t\t\t\t\t\t\t\t\t\t\t\t\t\t\t\t\t\t\t\t<\/div>\n\t\t\t\t\t\t\t\t\t\t\t\t\t\t\t\t<\/div>\n\t\t\t\t\t\t\t\t\t\t\t\t\t\t\t\t\t<p class=\"product-description\">\u00a0\u00a0 Acest studiu intentioneaza sa redea, sub o accentuata forma de crestomatie, scrierile religioase moldovene scrise, compilate sau traduse de misionari si de clerul indigen.  \u00a0 Do..<\/p>\n\t\t\t\t\t\t\t\t\t\t\t\t\t\t\t\t\t\t\t\t\t\t\t\t\t<div class=\"button-group\">\n\t\t\t\t\t\t\t\t\t\t<div class=\"inner\">\n\t\t\t\t\t\t\t\t\t\t\t\t\t\t\t\t\t\t\t\t\t\t\t<button type=\"button\" class=\"button-cart\"  title=\"Adaug\u0103 \u00een Co\u0219\" onclick=\"cart.add('2210', '1');\"><span>Adaug\u0103 \u00een Co\u0219<\/span><\/button>\n\t\t\t\t\t\t\t\t\t\t\t\t\t\t\t\t\t\t\t\t\t\t\t\t\t\t\t\t\t\t\t\t\t\t<button type=\"button\" class=\"button-wishlist\"  title=\"Adaug\u0103 la Favorite\" onclick=\"wishlist.add('2210');\"><span>Adaug\u0103 la Favorite<\/span><\/button>\n\t\t\t\t\t\t\t\t\t\t\t\t\t\t\t\t\t\t\t\t\t\t\t\t\t\t\t\t\t\t\t\t\t\t<button type=\"button\" class=\"button-compare\"  title=\"Compar\u0103 acest Produs\" onclick=\"compare.add('2210');\"><span>Compar\u0103 acest Produs<\/span><\/button>\n\t\t\t\t\t\t\t\t\t\t\t\t\t\t\t\t\t\t\t\t\t\t\n\t\t\t\t\t\t\t\t\t\t<\/div>\n\t\t\t\t\t\t\t\t\t<\/div>\n\t\t\t\t\t\t\t\t\t\t\t\t\t\t\t<\/div>\n\t\t\t\t\t\t\t\n\t\t\t\t\t\t<\/div>\n\t\t\t\t\t\t\n\t\t\t\t\t<\/div>\n\t\t\t\t<\/div>\n\t\t\t<\/div>\n\t\t\t\t\t<div class=\"product-layout product-list col-xs-12 product-items\">\n\t\t\t\t<div class=\"product-thumb\">\n\t\t\t\t\t<div class=\"product-item\">\t\t\t\t\n\t\t\t\t\t\t\t\t\t\t\t\t\t<div class=\"image rotate-image-container\">\n\t\t\t\t\t\t\t\t<div class=\"inner\">\n\t\t\t\t\t\t\t\t\t\n\t\t\t\t\t\t\t\t\t<a href=\"https:\/\/librariasapientia.ro\/istoria-bisericii\/Catolicii\">\n\t\t\t\t\t\t\t\t\t\t<img src=\"https:\/\/librariasapientia.ro\/image\/cache\/catalog\/s\/a\/sap1715_centenar-600x600.jpg\" alt=\"Catolicii din Moldova \u015fi Centenarul Unirii de la 1918. Lucr\u0103rile simpozionului na\u0163ional \u201eCatolicii din Moldova \u015fi Centenarul Unirii de la 1918\u201d\" title=\"Catolicii din Moldova \u015fi Centenarul Unirii de la 1918. Lucr\u0103rile simpozionului na\u0163ional \u201eCatolicii din Moldova \u015fi Centenarul Unirii de la 1918\u201d\" class=\"img-responsive img-default-image\" \/>\n\t\t\t\t\t\t\t\t\t\t\t\t\t\t\t\t\t\t\t<\/a>\n\t\t\t\t\t\t\t\t\t<div class=\"quickview\">\n\t\t\t\t\t\t\t\t\t\t\t\t\t\t\t\t\t\t\t\t\t<button class=\"button-quickview\" type=\"button\"  title=\"\" onclick=\"ptquickview.ajaxView('https:\/\/librariasapientia.ro\/istoria-bisericii\/Catolicii')\"><span><\/span><\/button>\n\t\t\t\t\t\t\t\t\t\t\t\t\t\t\t\t\t\t\t<\/div>\n\t\t\t\t\t\t\t\t\t\n\t\t\t\t\t\t\t\t<\/div>\n\t\t\t\t\t\t\t<\/div>\n\t\t\t\t\t\t\t\t\t\t\t\t\n\t\t\t\t\t\t<div class=\"caption\">\n\t\t\t\t\t\t\t<div class=\"inner\">\n\t\t\t\t\t\t\t\t\n\t\t\t\t\t\t\t\t\n\t\t\t\t\t\t\t\t\t\t\t\t\t\t\t\t\n\t\t\t\t\t\t\t\t<h4><a href=\"https:\/\/librariasapientia.ro\/istoria-bisericii\/Catolicii\">Catolicii din Moldova \u015fi Centenarul Unirii de la 1918. Lucr\u0103rile simpozionului na\u0163ional \u201eCatolicii din Moldova \u015fi Centenarul Unirii de la 1918\u201d<\/a><\/h4>\n\t\t\t\t\t\t\t\t\t\t\t\t\t\t\t\t<div>\n\t\t\t\t\t\t\t\t\t\t\t\t\t\t\t\t\t<p class=\"price\"> \t\t\t\t\t\t\t\t\t\t\t20,00 Lei\n\t\t\t\t\t\t\t\t\t\t\t\t\t\t\t\t\t\t\t\t <\/p>\n\t\t\t\t\t\t\t\t\t\t\t\t\t\t\t\t\t\t\t\t\t\t\t\t\t<div class=\"box-label\">\n\t\t\t\t\t\t\t\t\t\t\t\t\t\t\t\t\t\t\t\t\t\t\t\t\t\t\t\t\t<\/div>\n\t\t\t\t\t\t\t\t\t\t\t\t\t\t\t\t<\/div>\n\t\t\t\t\t\t\t\t\t\t\t\t\t\t\t\t\t<p class=\"product-description\">\u0218tefan Lupu, coord., Catolicii din Moldova \u015fi Centenarul Unirii de la 1918. Lucr\u0103rile simpozionului na\u0163ional \u201eCatolicii din Moldova \u015fi Centenarul Unirii de la 1918\u201d, Ia\u015fi, 21-23 ma..<\/p>\n\t\t\t\t\t\t\t\t\t\t\t\t\t\t\t\t\t\t\t\t\t\t\t\t\t<div class=\"button-group\">\n\t\t\t\t\t\t\t\t\t\t<div class=\"inner\">\n\t\t\t\t\t\t\t\t\t\t\t\t\t\t\t\t\t\t\t\t\t\t\t<button type=\"button\" class=\"button-cart\"  title=\"Adaug\u0103 \u00een Co\u0219\" onclick=\"cart.add('2864', '1');\"><span>Adaug\u0103 \u00een Co\u0219<\/span><\/button>\n\t\t\t\t\t\t\t\t\t\t\t\t\t\t\t\t\t\t\t\t\t\t\t\t\t\t\t\t\t\t\t\t\t\t<button type=\"button\" class=\"button-wishlist\"  title=\"Adaug\u0103 la Favorite\" onclick=\"wishlist.add('2864');\"><span>Adaug\u0103 la Favorite<\/span><\/button>\n\t\t\t\t\t\t\t\t\t\t\t\t\t\t\t\t\t\t\t\t\t\t\t\t\t\t\t\t\t\t\t\t\t\t<button type=\"button\" class=\"button-compare\"  title=\"Compar\u0103 acest Produs\" onclick=\"compare.add('2864');\"><span>Compar\u0103 acest Produs<\/span><\/button>\n\t\t\t\t\t\t\t\t\t\t\t\t\t\t\t\t\t\t\t\t\t\t\n\t\t\t\t\t\t\t\t\t\t<\/div>\n\t\t\t\t\t\t\t\t\t<\/div>\n\t\t\t\t\t\t\t\t\t\t\t\t\t\t\t<\/div>\n\t\t\t\t\t\t\t\n\t\t\t\t\t\t<\/div>\n\t\t\t\t\t\t\n\t\t\t\t\t<\/div>\n\t\t\t\t<\/div>\n\t\t\t<\/div>\n\t\t\t\t\t<div class=\"product-layout product-list col-xs-12 product-items\">\n\t\t\t\t<div class=\"product-thumb\">\n\t\t\t\t\t<div class=\"product-item\">\t\t\t\t\n\t\t\t\t\t\t\t\t\t\t\t\t\t<div class=\"image rotate-image-container\">\n\t\t\t\t\t\t\t\t<div class=\"inner\">\n\t\t\t\t\t\t\t\t\t\n\t\t\t\t\t\t\t\t\t<a href=\"https:\/\/librariasapientia.ro\/istoria-bisericii\/catolicii-din-moldova-istoria-unei-minoritati-confesionale-din-romania\">\n\t\t\t\t\t\t\t\t\t\t<img src=\"https:\/\/librariasapientia.ro\/image\/cache\/catalog\/c\/a\/catolicii-din-moldova-istoria-unei-minoritati-confesionale-din-romania-600x600.jpg\" alt=\"Catolicii din Moldova. Istoria unei minoritati confesionale din Rom\u00e2nia \" title=\"Catolicii din Moldova. Istoria unei minoritati confesionale din Rom\u00e2nia \" class=\"img-responsive img-default-image\" \/>\n\t\t\t\t\t\t\t\t\t\t\t\t\t\t\t\t\t\t\t<\/a>\n\t\t\t\t\t\t\t\t\t<div class=\"quickview\">\n\t\t\t\t\t\t\t\t\t\t\t\t\t\t\t\t\t\t\t\t\t<button class=\"button-quickview\" type=\"button\"  title=\"\" onclick=\"ptquickview.ajaxView('https:\/\/librariasapientia.ro\/istoria-bisericii\/catolicii-din-moldova-istoria-unei-minoritati-confesionale-din-romania')\"><span><\/span><\/button>\n\t\t\t\t\t\t\t\t\t\t\t\t\t\t\t\t\t\t\t<\/div>\n\t\t\t\t\t\t\t\t\t\n\t\t\t\t\t\t\t\t<\/div>\n\t\t\t\t\t\t\t<\/div>\n\t\t\t\t\t\t\t\t\t\t\t\t\n\t\t\t\t\t\t<div class=\"caption\">\n\t\t\t\t\t\t\t<div class=\"inner\">\n\t\t\t\t\t\t\t\t\n\t\t\t\t\t\t\t\t\n\t\t\t\t\t\t\t\t\t\t\t\t\t\t\t\t\n\t\t\t\t\t\t\t\t<h4><a href=\"https:\/\/librariasapientia.ro\/istoria-bisericii\/catolicii-din-moldova-istoria-unei-minoritati-confesionale-din-romania\">Catolicii din Moldova. Istoria unei minoritati confesionale din Rom\u00e2nia <\/a><\/h4>\n\t\t\t\t\t\t\t\t\t\t\t\t\t\t\t\t<div>\n\t\t\t\t\t\t\t\t\t\t\t\t\t\t\t\t\t<p class=\"price\"> \t\t\t\t\t\t\t\t\t\t\t35,00 Lei\n\t\t\t\t\t\t\t\t\t\t\t\t\t\t\t\t\t\t\t\t <\/p>\n\t\t\t\t\t\t\t\t\t\t\t\t\t\t\t\t\t\t\t\t\t\t\t\t\t<div class=\"box-label\">\n\t\t\t\t\t\t\t\t\t\t\t\t\t\t\t\t\t\t\t\t\t\t\t\t\t\t\t\t\t<\/div>\n\t\t\t\t\t\t\t\t\t\t\t\t\t\t\t\t<\/div>\n\t\t\t\t\t\t\t\t\t\t\t\t\t\t\t\t\t<p class=\"product-description\">\u00a0 O carte despre catolicii din Moldova este \u00eentotdeauna binevenita, mai ales daca este scrisa cu seriozitate, \u00een conformitate cu canoanele stiintei istorice: documentare ampla, bin..<\/p>\n\t\t\t\t\t\t\t\t\t\t\t\t\t\t\t\t\t\t\t\t\t\t\t\t\t<div class=\"button-group\">\n\t\t\t\t\t\t\t\t\t\t<div class=\"inner\">\n\t\t\t\t\t\t\t\t\t\t\t\t\t\t\t\t\t\t\t\t\t\t\t<button type=\"button\" class=\"button-cart\"  title=\"Adaug\u0103 \u00een Co\u0219\" onclick=\"cart.add('2231', '1');\"><span>Adaug\u0103 \u00een Co\u0219<\/span><\/button>\n\t\t\t\t\t\t\t\t\t\t\t\t\t\t\t\t\t\t\t\t\t\t\t\t\t\t\t\t\t\t\t\t\t\t<button type=\"button\" class=\"button-wishlist\"  title=\"Adaug\u0103 la Favorite\" onclick=\"wishlist.add('2231');\"><span>Adaug\u0103 la Favorite<\/span><\/button>\n\t\t\t\t\t\t\t\t\t\t\t\t\t\t\t\t\t\t\t\t\t\t\t\t\t\t\t\t\t\t\t\t\t\t<button type=\"button\" class=\"button-compare\"  title=\"Compar\u0103 acest Produs\" onclick=\"compare.add('2231');\"><span>Compar\u0103 acest Produs<\/span><\/button>\n\t\t\t\t\t\t\t\t\t\t\t\t\t\t\t\t\t\t\t\t\t\t\n\t\t\t\t\t\t\t\t\t\t<\/div>\n\t\t\t\t\t\t\t\t\t<\/div>\n\t\t\t\t\t\t\t\t\t\t\t\t\t\t\t<\/div>\n\t\t\t\t\t\t\t\n\t\t\t\t\t\t<\/div>\n\t\t\t\t\t\t\n\t\t\t\t\t<\/div>\n\t\t\t\t<\/div>\n\t\t\t<\/div>\n\t\t\t\t\t<div class=\"product-layout product-list col-xs-12 product-items\">\n\t\t\t\t<div class=\"product-thumb\">\n\t\t\t\t\t<div class=\"product-item\">\t\t\t\t\n\t\t\t\t\t\t\t\t\t\t\t\t\t<div class=\"image rotate-image-container\">\n\t\t\t\t\t\t\t\t<div class=\"inner\">\n\t\t\t\t\t\t\t\t\t\n\t\t\t\t\t\t\t\t\t<a href=\"https:\/\/librariasapientia.ro\/istoria-bisericii\/centenar-dieceza-de-iasi-in-vremea-marii-uniri-album-foto-1916-1918\">\n\t\t\t\t\t\t\t\t\t\t<img src=\"https:\/\/librariasapientia.ro\/image\/cache\/catalog\/s\/a\/sap1688_lupu_centenar-1_4-600x600.jpg\" alt=\"Centenar. Dieceza de Ia\u0219i \u00een vremea Marii Uniri. Album foto (1916-1918)\" title=\"Centenar. Dieceza de Ia\u0219i \u00een vremea Marii Uniri. Album foto (1916-1918)\" class=\"img-responsive img-default-image\" \/>\n\t\t\t\t\t\t\t\t\t\t\t\t\t\t\t\t\t\t\t<\/a>\n\t\t\t\t\t\t\t\t\t<div class=\"quickview\">\n\t\t\t\t\t\t\t\t\t\t\t\t\t\t\t\t\t\t\t\t\t<button class=\"button-quickview\" type=\"button\"  title=\"\" onclick=\"ptquickview.ajaxView('https:\/\/librariasapientia.ro\/istoria-bisericii\/centenar-dieceza-de-iasi-in-vremea-marii-uniri-album-foto-1916-1918')\"><span><\/span><\/button>\n\t\t\t\t\t\t\t\t\t\t\t\t\t\t\t\t\t\t\t<\/div>\n\t\t\t\t\t\t\t\t\t\n\t\t\t\t\t\t\t\t<\/div>\n\t\t\t\t\t\t\t<\/div>\n\t\t\t\t\t\t\t\t\t\t\t\t\n\t\t\t\t\t\t<div class=\"caption\">\n\t\t\t\t\t\t\t<div class=\"inner\">\n\t\t\t\t\t\t\t\t\n\t\t\t\t\t\t\t\t\n\t\t\t\t\t\t\t\t\t\t\t\t\t\t\t\t\n\t\t\t\t\t\t\t\t<h4><a href=\"https:\/\/librariasapientia.ro\/istoria-bisericii\/centenar-dieceza-de-iasi-in-vremea-marii-uniri-album-foto-1916-1918\">Centenar. Dieceza de Ia\u0219i \u00een vremea Marii Uniri. Album foto (1916-1918)<\/a><\/h4>\n\t\t\t\t\t\t\t\t\t\t\t\t\t\t\t\t<div>\n\t\t\t\t\t\t\t\t\t\t\t\t\t\t\t\t\t<p class=\"price\">  <span class=\"price-new\">70,00 Lei<\/span> <span class=\"price-old\">123,00 Lei<\/span> \t\t\t\t\t\t\t\t\t\t <\/p>\n\t\t\t\t\t\t\t\t\t\t\t\t\t\t\t\t\t\t\t\t\t\t\t\t\t<div class=\"box-label\">\n\t\t\t\t\t\t\t\t\t\t\t\t\t\t\t\t\t\t\t\t\t<div><span class=\"pro-label sale\">-43%<\/span><\/div>\n\t\t\t\t\t\t\t\t\t\t\t\t\t\t\t\t\t\t\t\t\t\t\t\t\t\t\t\t\t<\/div>\n\t\t\t\t\t\t\t\t\t\t\t\t\t\t\t\t<\/div>\n\t\t\t\t\t\t\t\t\t\t\t\t\t\t\t\t\t<p class=\"product-description\">La Editura \u201eSapientia\u201d a ap\u0103rut recent cartea Centenar. Dieceza de Ia\u0219i \u00een vremea Marii Uniri. Album foto (1916-1918, scris\u0103 de pr. dr. \u0218tefan Lupu. Cartea apare \u00een colec\u021bia \u201eIstor..<\/p>\n\t\t\t\t\t\t\t\t\t\t\t\t\t\t\t\t\t\t\t\t\t\t\t\t\t<div class=\"button-group\">\n\t\t\t\t\t\t\t\t\t\t<div class=\"inner\">\n\t\t\t\t\t\t\t\t\t\t\t\t\t\t\t\t\t\t\t\t\t\t\t<button type=\"button\" class=\"button-cart\"  title=\"Adaug\u0103 \u00een Co\u0219\" onclick=\"cart.add('2842', '1');\"><span>Adaug\u0103 \u00een Co\u0219<\/span><\/button>\n\t\t\t\t\t\t\t\t\t\t\t\t\t\t\t\t\t\t\t\t\t\t\t\t\t\t\t\t\t\t\t\t\t\t<button type=\"button\" class=\"button-wishlist\"  title=\"Adaug\u0103 la Favorite\" onclick=\"wishlist.add('2842');\"><span>Adaug\u0103 la Favorite<\/span><\/button>\n\t\t\t\t\t\t\t\t\t\t\t\t\t\t\t\t\t\t\t\t\t\t\t\t\t\t\t\t\t\t\t\t\t\t<button type=\"button\" class=\"button-compare\"  title=\"Compar\u0103 acest Produs\" onclick=\"compare.add('2842');\"><span>Compar\u0103 acest Produs<\/span><\/button>\n\t\t\t\t\t\t\t\t\t\t\t\t\t\t\t\t\t\t\t\t\t\t\n\t\t\t\t\t\t\t\t\t\t<\/div>\n\t\t\t\t\t\t\t\t\t<\/div>\n\t\t\t\t\t\t\t\t\t\t\t\t\t\t\t<\/div>\n\t\t\t\t\t\t\t\n\t\t\t\t\t\t<\/div>\n\t\t\t\t\t\t\n\t\t\t\t\t<\/div>\n\t\t\t\t<\/div>\n\t\t\t<\/div>\n\t\t\t\t\t<div class=\"product-layout product-list col-xs-12 product-items\">\n\t\t\t\t<div class=\"product-thumb\">\n\t\t\t\t\t<div class=\"product-item\">\t\t\t\t\n\t\t\t\t\t\t\t\t\t\t\t\t\t<div class=\"image rotate-image-container\">\n\t\t\t\t\t\t\t\t<div class=\"inner\">\n\t\t\t\t\t\t\t\t\t\n\t\t\t\t\t\t\t\t\t<a href=\"https:\/\/librariasapientia.ro\/istoria-bisericii\/comuna-erbiceni-repere-monografice\">\n\t\t\t\t\t\t\t\t\t\t<img src=\"https:\/\/librariasapientia.ro\/image\/cache\/catalog\/s\/a\/sap1739_erbiceni-1-600x600.jpg\" alt=\"Comuna Erbiceni. Repere monografice\" title=\"Comuna Erbiceni. Repere monografice\" class=\"img-responsive img-default-image\" \/>\n\t\t\t\t\t\t\t\t\t\t\t\t\t\t\t\t\t\t\t<\/a>\n\t\t\t\t\t\t\t\t\t<div class=\"quickview\">\n\t\t\t\t\t\t\t\t\t\t\t\t\t\t\t\t\t\t\t\t\t<button class=\"button-quickview\" type=\"button\"  title=\"\" onclick=\"ptquickview.ajaxView('https:\/\/librariasapientia.ro\/istoria-bisericii\/comuna-erbiceni-repere-monografice')\"><span><\/span><\/button>\n\t\t\t\t\t\t\t\t\t\t\t\t\t\t\t\t\t\t\t<\/div>\n\t\t\t\t\t\t\t\t\t\n\t\t\t\t\t\t\t\t<\/div>\n\t\t\t\t\t\t\t<\/div>\n\t\t\t\t\t\t\t\t\t\t\t\t\n\t\t\t\t\t\t<div class=\"caption\">\n\t\t\t\t\t\t\t<div class=\"inner\">\n\t\t\t\t\t\t\t\t\n\t\t\t\t\t\t\t\t\n\t\t\t\t\t\t\t\t\t\t\t\t\t\t\t\t\n\t\t\t\t\t\t\t\t<h4><a href=\"https:\/\/librariasapientia.ro\/istoria-bisericii\/comuna-erbiceni-repere-monografice\">Comuna Erbiceni. Repere monografice<\/a><\/h4>\n\t\t\t\t\t\t\t\t\t\t\t\t\t\t\t\t<div>\n\t\t\t\t\t\t\t\t\t\t\t\t\t\t\t\t\t<p class=\"price\"> \t\t\t\t\t\t\t\t\t\t\t20,00 Lei\n\t\t\t\t\t\t\t\t\t\t\t\t\t\t\t\t\t\t\t\t <\/p>\n\t\t\t\t\t\t\t\t\t\t\t\t\t\t\t\t\t\t\t\t\t\t\t\t\t<div class=\"box-label\">\n\t\t\t\t\t\t\t\t\t\t\t\t\t\t\t\t\t\t\t\t\t\t\t\t\t\t\t\t\t<\/div>\n\t\t\t\t\t\t\t\t\t\t\t\t\t\t\t\t<\/div>\n\t\t\t\t\t\t\t\t\t\t\t\t\t\t\t\t\t<p class=\"product-description\">La Editura \u201eSapientia\u201d a ap\u0103rut recent cartea Comuna Erbiceni. Repere monografice, scris\u0103 de prof. Elena Ivan. Cartea apare \u00een colec\u021bia \u201eIstoria Bisericii\u201d, \u00een formatul 14\u00d720, are ..<\/p>\n\t\t\t\t\t\t\t\t\t\t\t\t\t\t\t\t\t\t\t\t\t\t\t\t\t<div class=\"button-group\">\n\t\t\t\t\t\t\t\t\t\t<div class=\"inner\">\n\t\t\t\t\t\t\t\t\t\t\t\t\t\t\t\t\t\t\t\t\t\t\t<button type=\"button\" class=\"button-cart\"  title=\"Adaug\u0103 \u00een Co\u0219\" onclick=\"cart.add('2888', '1');\"><span>Adaug\u0103 \u00een Co\u0219<\/span><\/button>\n\t\t\t\t\t\t\t\t\t\t\t\t\t\t\t\t\t\t\t\t\t\t\t\t\t\t\t\t\t\t\t\t\t\t<button type=\"button\" class=\"button-wishlist\"  title=\"Adaug\u0103 la Favorite\" onclick=\"wishlist.add('2888');\"><span>Adaug\u0103 la Favorite<\/span><\/button>\n\t\t\t\t\t\t\t\t\t\t\t\t\t\t\t\t\t\t\t\t\t\t\t\t\t\t\t\t\t\t\t\t\t\t<button type=\"button\" class=\"button-compare\"  title=\"Compar\u0103 acest Produs\" onclick=\"compare.add('2888');\"><span>Compar\u0103 acest Produs<\/span><\/button>\n\t\t\t\t\t\t\t\t\t\t\t\t\t\t\t\t\t\t\t\t\t\t\n\t\t\t\t\t\t\t\t\t\t<\/div>\n\t\t\t\t\t\t\t\t\t<\/div>\n\t\t\t\t\t\t\t\t\t\t\t\t\t\t\t<\/div>\n\t\t\t\t\t\t\t\n\t\t\t\t\t\t<\/div>\n\t\t\t\t\t\t\n\t\t\t\t\t<\/div>\n\t\t\t\t<\/div>\n\t\t\t<\/div>\n\t\t\t\t\t<div class=\"product-layout product-list col-xs-12 product-items\">\n\t\t\t\t<div class=\"product-thumb\">\n\t\t\t\t\t<div class=\"product-item\">\t\t\t\t\n\t\t\t\t\t\t\t\t\t\t\t\t\t<div class=\"image rotate-image-container\">\n\t\t\t\t\t\t\t\t<div class=\"inner\">\n\t\t\t\t\t\t\t\t\t\n\t\t\t\t\t\t\t\t\t<a href=\"https:\/\/librariasapientia.ro\/istoria-bisericii\/conciones-latinae-mvldavo-predici-latine-in-grai-moldav-vol-i-iii-iasi-2020-1855-p\">\n\t\t\t\t\t\t\t\t\t\t<img src=\"https:\/\/librariasapientia.ro\/image\/cache\/catalog\/s\/a\/sap1794_conciones_iii-2020-600x600.jpg\" alt=\"Conciones latinae mvldavo. Predici latine \u00een grai moldav, vol. I-III, Ia\u0219i 2020, 1855 p\" title=\"Conciones latinae mvldavo. Predici latine \u00een grai moldav, vol. I-III, Ia\u0219i 2020, 1855 p\" class=\"img-responsive img-default-image\" \/>\n\t\t\t\t\t\t\t\t\t\t\t\t\t\t\t\t\t\t\t<\/a>\n\t\t\t\t\t\t\t\t\t<div class=\"quickview\">\n\t\t\t\t\t\t\t\t\t\t\t\t\t\t\t\t\t\t\t\t\t<button class=\"button-quickview\" type=\"button\"  title=\"\" onclick=\"ptquickview.ajaxView('https:\/\/librariasapientia.ro\/istoria-bisericii\/conciones-latinae-mvldavo-predici-latine-in-grai-moldav-vol-i-iii-iasi-2020-1855-p')\"><span><\/span><\/button>\n\t\t\t\t\t\t\t\t\t\t\t\t\t\t\t\t\t\t\t<\/div>\n\t\t\t\t\t\t\t\t\t\n\t\t\t\t\t\t\t\t<\/div>\n\t\t\t\t\t\t\t<\/div>\n\t\t\t\t\t\t\t\t\t\t\t\t\n\t\t\t\t\t\t<div class=\"caption\">\n\t\t\t\t\t\t\t<div class=\"inner\">\n\t\t\t\t\t\t\t\t\n\t\t\t\t\t\t\t\t\n\t\t\t\t\t\t\t\t\t\t\t\t\t\t\t\t\n\t\t\t\t\t\t\t\t<h4><a href=\"https:\/\/librariasapientia.ro\/istoria-bisericii\/conciones-latinae-mvldavo-predici-latine-in-grai-moldav-vol-i-iii-iasi-2020-1855-p\">Conciones latinae mvldavo. Predici latine \u00een grai moldav, vol. I-III, Ia\u0219i 2020, 1855 p<\/a><\/h4>\n\t\t\t\t\t\t\t\t\t\t\t\t\t\t\t\t<div>\n\t\t\t\t\t\t\t\t\t\t\t\t\t\t\t\t\t<p class=\"price\"> \t\t\t\t\t\t\t\t\t\t\t250,00 Lei\n\t\t\t\t\t\t\t\t\t\t\t\t\t\t\t\t\t\t\t\t <\/p>\n\t\t\t\t\t\t\t\t\t\t\t\t\t\t\t\t\t\t\t\t\t\t\t\t\t<div class=\"box-label\">\n\t\t\t\t\t\t\t\t\t\t\t\t\t\t\t\t\t\t\t\t\t\t\t\t\t\t\t\t\t<\/div>\n\t\t\t\t\t\t\t\t\t\t\t\t\t\t\t\t<\/div>\n\t\t\t\t\t\t\t\t\t\t\t\t\t\t\t\t\t<p class=\"product-description\">La Editura \u201eSapientia\u201d a ap\u0103rut recent cartea\u00a0Conciones latinae mvldavo. Predici latine \u00een grai moldav, vol. I-III (vol. I: Predicile 1-32; vol. II: Predicile 33-56; vol. III: Pred..<\/p>\n\t\t\t\t\t\t\t\t\t\t\t\t\t\t\t\t\t\t\t\t\t\t\t\t\t<div class=\"button-group\">\n\t\t\t\t\t\t\t\t\t\t<div class=\"inner\">\n\t\t\t\t\t\t\t\t\t\t\t\t\t\t\t\t\t\t\t\t\t\t\t<button type=\"button\" class=\"button-cart\"  title=\"Adaug\u0103 \u00een Co\u0219\" onclick=\"cart.add('3058', '1');\"><span>Adaug\u0103 \u00een Co\u0219<\/span><\/button>\n\t\t\t\t\t\t\t\t\t\t\t\t\t\t\t\t\t\t\t\t\t\t\t\t\t\t\t\t\t\t\t\t\t\t<button type=\"button\" class=\"button-wishlist\"  title=\"Adaug\u0103 la Favorite\" onclick=\"wishlist.add('3058');\"><span>Adaug\u0103 la Favorite<\/span><\/button>\n\t\t\t\t\t\t\t\t\t\t\t\t\t\t\t\t\t\t\t\t\t\t\t\t\t\t\t\t\t\t\t\t\t\t<button type=\"button\" class=\"button-compare\"  title=\"Compar\u0103 acest Produs\" onclick=\"compare.add('3058');\"><span>Compar\u0103 acest Produs<\/span><\/button>\n\t\t\t\t\t\t\t\t\t\t\t\t\t\t\t\t\t\t\t\t\t\t\n\t\t\t\t\t\t\t\t\t\t<\/div>\n\t\t\t\t\t\t\t\t\t<\/div>\n\t\t\t\t\t\t\t\t\t\t\t\t\t\t\t<\/div>\n\t\t\t\t\t\t\t\n\t\t\t\t\t\t<\/div>\n\t\t\t\t\t\t\n\t\t\t\t\t<\/div>\n\t\t\t\t<\/div>\n\t\t\t<\/div>\n\t\t\t\t\t<div class=\"product-layout product-list col-xs-12 product-items\">\n\t\t\t\t<div class=\"product-thumb\">\n\t\t\t\t\t<div class=\"product-item\">\t\t\t\t\n\t\t\t\t\t\t\t\t\t\t\t\t\t<div class=\"image rotate-image-container\">\n\t\t\t\t\t\t\t\t<div class=\"inner\">\n\t\t\t\t\t\t\t\t\t\n\t\t\t\t\t\t\t\t\t<a href=\"https:\/\/librariasapientia.ro\/istoria-bisericii\/conclavul-proceduri-protagonisti-istorie-curiozitati\">\n\t\t\t\t\t\t\t\t\t\t<img src=\"https:\/\/librariasapientia.ro\/image\/cache\/catalog\/s\/a\/sap1733_conclavul-600x600.jpg\" alt=\"Conclavul. Proceduri, protagoni\u015fti, istorie, curiozit\u0103\u0163i\" title=\"Conclavul. Proceduri, protagoni\u015fti, istorie, curiozit\u0103\u0163i\" class=\"img-responsive img-default-image\" \/>\n\t\t\t\t\t\t\t\t\t\t\t\t\t\t\t\t\t\t\t<\/a>\n\t\t\t\t\t\t\t\t\t<div class=\"quickview\">\n\t\t\t\t\t\t\t\t\t\t\t\t\t\t\t\t\t\t\t\t\t<button class=\"button-quickview\" type=\"button\"  title=\"\" onclick=\"ptquickview.ajaxView('https:\/\/librariasapientia.ro\/istoria-bisericii\/conclavul-proceduri-protagonisti-istorie-curiozitati')\"><span><\/span><\/button>\n\t\t\t\t\t\t\t\t\t\t\t\t\t\t\t\t\t\t\t<\/div>\n\t\t\t\t\t\t\t\t\t\n\t\t\t\t\t\t\t\t<\/div>\n\t\t\t\t\t\t\t<\/div>\n\t\t\t\t\t\t\t\t\t\t\t\t\n\t\t\t\t\t\t<div class=\"caption\">\n\t\t\t\t\t\t\t<div class=\"inner\">\n\t\t\t\t\t\t\t\t\n\t\t\t\t\t\t\t\t\n\t\t\t\t\t\t\t\t\t\t\t\t\t\t\t\t\n\t\t\t\t\t\t\t\t<h4><a href=\"https:\/\/librariasapientia.ro\/istoria-bisericii\/conclavul-proceduri-protagonisti-istorie-curiozitati\">Conclavul. Proceduri, protagoni\u015fti, istorie, curiozit\u0103\u0163i<\/a><\/h4>\n\t\t\t\t\t\t\t\t\t\t\t\t\t\t\t\t<div>\n\t\t\t\t\t\t\t\t\t\t\t\t\t\t\t\t\t<p class=\"price\"> \t\t\t\t\t\t\t\t\t\t\t15,00 Lei\n\t\t\t\t\t\t\t\t\t\t\t\t\t\t\t\t\t\t\t\t <\/p>\n\t\t\t\t\t\t\t\t\t\t\t\t\t\t\t\t\t\t\t\t\t\t\t\t\t<div class=\"box-label\">\n\t\t\t\t\t\t\t\t\t\t\t\t\t\t\t\t\t\t\t\t\t\t\t\t\t\t\t\t\t<\/div>\n\t\t\t\t\t\t\t\t\t\t\t\t\t\t\t\t<\/div>\n\t\t\t\t\t\t\t\t\t\t\t\t\t\t\t\t\t<p class=\"product-description\">La Editura \u201eSapientia\u201d a ap\u0103rut recent cartea Conclavul. Proceduri, protagoni\u015fti, istorie, curiozit\u0103\u0163i, scris\u0103 de Orazio La Rocca \u0219i tradus\u0103 \u00een limba rom\u00e2n\u0103 de pr. dr. Fabian Dobo\u0219..<\/p>\n\t\t\t\t\t\t\t\t\t\t\t\t\t\t\t\t\t\t\t\t\t\t\t\t\t<div class=\"button-group\">\n\t\t\t\t\t\t\t\t\t\t<div class=\"inner\">\n\t\t\t\t\t\t\t\t\t\t\t\t\t\t\t\t\t\t\t\t\t\t\t<button type=\"button\" class=\"button-cart\"  title=\"Adaug\u0103 \u00een Co\u0219\" onclick=\"cart.add('2884', '1');\"><span>Adaug\u0103 \u00een Co\u0219<\/span><\/button>\n\t\t\t\t\t\t\t\t\t\t\t\t\t\t\t\t\t\t\t\t\t\t\t\t\t\t\t\t\t\t\t\t\t\t<button type=\"button\" class=\"button-wishlist\"  title=\"Adaug\u0103 la Favorite\" onclick=\"wishlist.add('2884');\"><span>Adaug\u0103 la Favorite<\/span><\/button>\n\t\t\t\t\t\t\t\t\t\t\t\t\t\t\t\t\t\t\t\t\t\t\t\t\t\t\t\t\t\t\t\t\t\t<button type=\"button\" class=\"button-compare\"  title=\"Compar\u0103 acest Produs\" onclick=\"compare.add('2884');\"><span>Compar\u0103 acest Produs<\/span><\/button>\n\t\t\t\t\t\t\t\t\t\t\t\t\t\t\t\t\t\t\t\t\t\t\n\t\t\t\t\t\t\t\t\t\t<\/div>\n\t\t\t\t\t\t\t\t\t<\/div>\n\t\t\t\t\t\t\t\t\t\t\t\t\t\t\t<\/div>\n\t\t\t\t\t\t\t\n\t\t\t\t\t\t<\/div>\n\t\t\t\t\t\t\n\t\t\t\t\t<\/div>\n\t\t\t\t<\/div>\n\t\t\t<\/div>\n\t\t\t\t\t<div class=\"product-layout product-list col-xs-12 product-items\">\n\t\t\t\t<div class=\"product-thumb\">\n\t\t\t\t\t<div class=\"product-item\">\t\t\t\t\n\t\t\t\t\t\t\t\t\t\t\t\t\t<div class=\"image rotate-image-container\">\n\t\t\t\t\t\t\t\t<div class=\"inner\">\n\t\t\t\t\t\t\t\t\t\n\t\t\t\t\t\t\t\t\t<a href=\"https:\/\/librariasapientia.ro\/istoria-bisericii\/Congregatia\">\n\t\t\t\t\t\t\t\t\t\t<img src=\"https:\/\/librariasapientia.ro\/image\/cache\/catalog\/s\/a\/sap1611_nds-600x600.jpg\" alt=\"Congrega\u0163ia \u201eNotre Dame de Sion\u201d: 150 de ani de activitate \u00een Moldova (1866-2016)\" title=\"Congrega\u0163ia \u201eNotre Dame de Sion\u201d: 150 de ani de activitate \u00een Moldova (1866-2016)\" class=\"img-responsive img-default-image\" \/>\n\t\t\t\t\t\t\t\t\t\t\t\t\t\t\t\t\t\t\t<\/a>\n\t\t\t\t\t\t\t\t\t<div class=\"quickview\">\n\t\t\t\t\t\t\t\t\t\t\t\t\t\t\t\t\t\t\t\t\t<button class=\"button-quickview\" type=\"button\"  title=\"\" onclick=\"ptquickview.ajaxView('https:\/\/librariasapientia.ro\/istoria-bisericii\/Congregatia')\"><span><\/span><\/button>\n\t\t\t\t\t\t\t\t\t\t\t\t\t\t\t\t\t\t\t<\/div>\n\t\t\t\t\t\t\t\t\t\n\t\t\t\t\t\t\t\t<\/div>\n\t\t\t\t\t\t\t<\/div>\n\t\t\t\t\t\t\t\t\t\t\t\t\n\t\t\t\t\t\t<div class=\"caption\">\n\t\t\t\t\t\t\t<div class=\"inner\">\n\t\t\t\t\t\t\t\t\n\t\t\t\t\t\t\t\t\n\t\t\t\t\t\t\t\t\t\t\t\t\t\t\t\t\n\t\t\t\t\t\t\t\t<h4><a href=\"https:\/\/librariasapientia.ro\/istoria-bisericii\/Congregatia\">Congrega\u0163ia \u201eNotre Dame de Sion\u201d: 150 de ani de activitate \u00een Moldova (1866-2016)<\/a><\/h4>\n\t\t\t\t\t\t\t\t\t\t\t\t\t\t\t\t<div>\n\t\t\t\t\t\t\t\t\t\t\t\t\t\t\t\t\t<p class=\"price\">  <span class=\"price-new\">8,00 Lei<\/span> <span class=\"price-old\">15,00 Lei<\/span> \t\t\t\t\t\t\t\t\t\t <\/p>\n\t\t\t\t\t\t\t\t\t\t\t\t\t\t\t\t\t\t\t\t\t\t\t\t\t<div class=\"box-label\">\n\t\t\t\t\t\t\t\t\t\t\t\t\t\t\t\t\t\t\t\t\t<div><span class=\"pro-label sale\">-47%<\/span><\/div>\n\t\t\t\t\t\t\t\t\t\t\t\t\t\t\t\t\t\t\t\t\t\t\t\t\t\t\t\t\t<\/div>\n\t\t\t\t\t\t\t\t\t\t\t\t\t\t\t\t<\/div>\n\t\t\t\t\t\t\t\t\t\t\t\t\t\t\t\t\t<p class=\"product-description\">La Editura \u201eSapientia\u201d a ap\u0103rut recent cartea Congrega\u0163ia \u201eNotre Dame de Sion\u201d: 150 de ani de activitate \u00een Moldova (1866-2016), scris\u0103 de Fabian Dobo\u015f. Cartea apare \u00een colec\u0163ia \u201eI..<\/p>\n\t\t\t\t\t\t\t\t\t\t\t\t\t\t\t\t\t\t\t\t\t\t\t\t\t<div class=\"button-group\">\n\t\t\t\t\t\t\t\t\t\t<div class=\"inner\">\n\t\t\t\t\t\t\t\t\t\t\t\t\t\t\t\t\t\t\t\t\t\t\t<button type=\"button\" class=\"button-cart\"  title=\"Adaug\u0103 \u00een Co\u0219\" onclick=\"cart.add('2741', '1');\"><span>Adaug\u0103 \u00een Co\u0219<\/span><\/button>\n\t\t\t\t\t\t\t\t\t\t\t\t\t\t\t\t\t\t\t\t\t\t\t\t\t\t\t\t\t\t\t\t\t\t<button type=\"button\" class=\"button-wishlist\"  title=\"Adaug\u0103 la Favorite\" onclick=\"wishlist.add('2741');\"><span>Adaug\u0103 la Favorite<\/span><\/button>\n\t\t\t\t\t\t\t\t\t\t\t\t\t\t\t\t\t\t\t\t\t\t\t\t\t\t\t\t\t\t\t\t\t\t<button type=\"button\" class=\"button-compare\"  title=\"Compar\u0103 acest Produs\" onclick=\"compare.add('2741');\"><span>Compar\u0103 acest Produs<\/span><\/button>\n\t\t\t\t\t\t\t\t\t\t\t\t\t\t\t\t\t\t\t\t\t\t\n\t\t\t\t\t\t\t\t\t\t<\/div>\n\t\t\t\t\t\t\t\t\t<\/div>\n\t\t\t\t\t\t\t\t\t\t\t\t\t\t\t<\/div>\n\t\t\t\t\t\t\t\n\t\t\t\t\t\t<\/div>\n\t\t\t\t\t\t\n\t\t\t\t\t<\/div>\n\t\t\t\t<\/div>\n\t\t\t<\/div>\n\t\t\t\t\t<div class=\"product-layout product-list col-xs-12 product-items\">\n\t\t\t\t<div class=\"product-thumb\">\n\t\t\t\t\t<div class=\"product-item\">\t\t\t\t\n\t\t\t\t\t\t\t\t\t\t\t\t\t<div class=\"image rotate-image-container\">\n\t\t\t\t\t\t\t\t<div class=\"inner\">\n\t\t\t\t\t\t\t\t\t\n\t\t\t\t\t\t\t\t\t<a href=\"https:\/\/librariasapientia.ro\/istoria-bisericii\/crampeie-din-istoria-bisericii-romano-catolice-din-transilvania\">\n\t\t\t\t\t\t\t\t\t\t<img src=\"https:\/\/librariasapientia.ro\/image\/cache\/catalog\/s\/a\/sap1813_cr_mpeie_din_istoria_bisericii-600x600.png\" alt=\"Cr\u00e2mpeie din istoria Bisericii Romano-Catolice din Transilvania\" title=\"Cr\u00e2mpeie din istoria Bisericii Romano-Catolice din Transilvania\" class=\"img-responsive img-default-image\" \/>\n\t\t\t\t\t\t\t\t\t\t\t\t\t\t\t\t\t\t\t<\/a>\n\t\t\t\t\t\t\t\t\t<div class=\"quickview\">\n\t\t\t\t\t\t\t\t\t\t\t\t\t\t\t\t\t\t\t\t\t<button class=\"button-quickview\" type=\"button\"  title=\"\" onclick=\"ptquickview.ajaxView('https:\/\/librariasapientia.ro\/istoria-bisericii\/crampeie-din-istoria-bisericii-romano-catolice-din-transilvania')\"><span><\/span><\/button>\n\t\t\t\t\t\t\t\t\t\t\t\t\t\t\t\t\t\t\t<\/div>\n\t\t\t\t\t\t\t\t\t\n\t\t\t\t\t\t\t\t<\/div>\n\t\t\t\t\t\t\t<\/div>\n\t\t\t\t\t\t\t\t\t\t\t\t\n\t\t\t\t\t\t<div class=\"caption\">\n\t\t\t\t\t\t\t<div class=\"inner\">\n\t\t\t\t\t\t\t\t\n\t\t\t\t\t\t\t\t\n\t\t\t\t\t\t\t\t\t\t\t\t\t\t\t\t\n\t\t\t\t\t\t\t\t<h4><a href=\"https:\/\/librariasapientia.ro\/istoria-bisericii\/crampeie-din-istoria-bisericii-romano-catolice-din-transilvania\">Cr\u00e2mpeie din istoria Bisericii Romano-Catolice din Transilvania<\/a><\/h4>\n\t\t\t\t\t\t\t\t\t\t\t\t\t\t\t\t<div>\n\t\t\t\t\t\t\t\t\t\t\t\t\t\t\t\t\t<p class=\"price\"> \t\t\t\t\t\t\t\t\t\t\t25,00 Lei\n\t\t\t\t\t\t\t\t\t\t\t\t\t\t\t\t\t\t\t\t <\/p>\n\t\t\t\t\t\t\t\t\t\t\t\t\t\t\t\t\t\t\t\t\t\t\t\t\t<div class=\"box-label\">\n\t\t\t\t\t\t\t\t\t\t\t\t\t\t\t\t\t\t\t\t\t\t\t\t\t\t\t\t\t<\/div>\n\t\t\t\t\t\t\t\t\t\t\t\t\t\t\t\t<\/div>\n\t\t\t\t\t\t\t\t\t\t\t\t\t\t\t\t\t<p class=\"product-description\">La Editura \u201eSapientia\u201d a ap\u0103rut recent\u00a0cartea:\u00a0Cr\u00e2mpeie din istoria Bisericii Romano-Catolice din Transilvania, scris\u0103 de pr. dr.\u00a0J\u00f3zsef Marton. Cartea apare \u00een colec\u021bia \u201eIstoria B..<\/p>\n\t\t\t\t\t\t\t\t\t\t\t\t\t\t\t\t\t\t\t\t\t\t\t\t\t<div class=\"button-group\">\n\t\t\t\t\t\t\t\t\t\t<div class=\"inner\">\n\t\t\t\t\t\t\t\t\t\t\t\t\t\t\t\t\t\t\t\t\t\t\t<button type=\"button\" class=\"button-cart\"  title=\"Adaug\u0103 \u00een Co\u0219\" onclick=\"cart.add('2964', '1');\"><span>Adaug\u0103 \u00een Co\u0219<\/span><\/button>\n\t\t\t\t\t\t\t\t\t\t\t\t\t\t\t\t\t\t\t\t\t\t\t\t\t\t\t\t\t\t\t\t\t\t<button type=\"button\" class=\"button-wishlist\"  title=\"Adaug\u0103 la Favorite\" onclick=\"wishlist.add('2964');\"><span>Adaug\u0103 la Favorite<\/span><\/button>\n\t\t\t\t\t\t\t\t\t\t\t\t\t\t\t\t\t\t\t\t\t\t\t\t\t\t\t\t\t\t\t\t\t\t<button type=\"button\" class=\"button-compare\"  title=\"Compar\u0103 acest Produs\" onclick=\"compare.add('2964');\"><span>Compar\u0103 acest Produs<\/span><\/button>\n\t\t\t\t\t\t\t\t\t\t\t\t\t\t\t\t\t\t\t\t\t\t\n\t\t\t\t\t\t\t\t\t\t<\/div>\n\t\t\t\t\t\t\t\t\t<\/div>\n\t\t\t\t\t\t\t\t\t\t\t\t\t\t\t<\/div>\n\t\t\t\t\t\t\t\n\t\t\t\t\t\t<\/div>\n\t\t\t\t\t\t\n\t\t\t\t\t<\/div>\n\t\t\t\t<\/div>\n\t\t\t<\/div>\n\t\t\t\t\t<div class=\"product-layout product-list col-xs-12 product-items\">\n\t\t\t\t<div class=\"product-thumb\">\n\t\t\t\t\t<div class=\"product-item\">\t\t\t\t\n\t\t\t\t\t\t\t\t\t\t\t\t\t<div class=\"image rotate-image-container\">\n\t\t\t\t\t\t\t\t<div class=\"inner\">\n\t\t\t\t\t\t\t\t\t\n\t\t\t\t\t\t\t\t\t<a href=\"https:\/\/librariasapientia.ro\/istoria-bisericii\/crestinismul-antic-in-scythia-minor-dobrogea\">\n\t\t\t\t\t\t\t\t\t\t<img src=\"https:\/\/librariasapientia.ro\/image\/cache\/catalog\/i\/m\/imagehandler_1_5-600x600.jpg\" alt=\"Cre\u0219tinismul antic \u00een Scythia Minor (Dobrogea)\" title=\"Cre\u0219tinismul antic \u00een Scythia Minor (Dobrogea)\" class=\"img-responsive img-default-image\" \/>\n\t\t\t\t\t\t\t\t\t\t\t\t\t\t\t\t\t\t\t<\/a>\n\t\t\t\t\t\t\t\t\t<div class=\"quickview\">\n\t\t\t\t\t\t\t\t\t\t\t\t\t\t\t\t\t\t\t\t\t<button class=\"button-quickview\" type=\"button\"  title=\"\" onclick=\"ptquickview.ajaxView('https:\/\/librariasapientia.ro\/istoria-bisericii\/crestinismul-antic-in-scythia-minor-dobrogea')\"><span><\/span><\/button>\n\t\t\t\t\t\t\t\t\t\t\t\t\t\t\t\t\t\t\t<\/div>\n\t\t\t\t\t\t\t\t\t\n\t\t\t\t\t\t\t\t<\/div>\n\t\t\t\t\t\t\t<\/div>\n\t\t\t\t\t\t\t\t\t\t\t\t\n\t\t\t\t\t\t<div class=\"caption\">\n\t\t\t\t\t\t\t<div class=\"inner\">\n\t\t\t\t\t\t\t\t\n\t\t\t\t\t\t\t\t\n\t\t\t\t\t\t\t\t\t\t\t\t\t\t\t\t\n\t\t\t\t\t\t\t\t<h4><a href=\"https:\/\/librariasapientia.ro\/istoria-bisericii\/crestinismul-antic-in-scythia-minor-dobrogea\">Cre\u0219tinismul antic \u00een Scythia Minor (Dobrogea)<\/a><\/h4>\n\t\t\t\t\t\t\t\t\t\t\t\t\t\t\t\t<div>\n\t\t\t\t\t\t\t\t\t\t\t\t\t\t\t\t\t<p class=\"price\"> \t\t\t\t\t\t\t\t\t\t\t10,00 Lei\n\t\t\t\t\t\t\t\t\t\t\t\t\t\t\t\t\t\t\t\t <\/p>\n\t\t\t\t\t\t\t\t\t\t\t\t\t\t\t\t\t\t\t\t\t\t\t\t\t<div class=\"box-label\">\n\t\t\t\t\t\t\t\t\t\t\t\t\t\t\t\t\t\t\t\t\t\t\t\t\t\t\t\t\t<\/div>\n\t\t\t\t\t\t\t\t\t\t\t\t\t\t\t\t<\/div>\n\t\t\t\t\t\t\t\t\t\t\t\t\t\t\t\t\t<p class=\"product-description\">La Editura \"Sapientia\" a ap\u0103rut recent cartea\u00a0Cre\u015ftinismul antic \u00een Scythia Minor (Dobrogea), scris\u0103 de pr. dr. Emil Dumea. Cartea apare \u00een colec\u0163ia \u201eIstoria Bisericii\u201d, \u00een format ..<\/p>\n\t\t\t\t\t\t\t\t\t\t\t\t\t\t\t\t\t\t\t\t\t\t\t\t\t<div class=\"button-group\">\n\t\t\t\t\t\t\t\t\t\t<div class=\"inner\">\n\t\t\t\t\t\t\t\t\t\t\t\t\t\t\t\t\t\t\t\t\t\t\t<button type=\"button\" class=\"button-cart\"  title=\"Adaug\u0103 \u00een Co\u0219\" onclick=\"cart.add('2734', '1');\"><span>Adaug\u0103 \u00een Co\u0219<\/span><\/button>\n\t\t\t\t\t\t\t\t\t\t\t\t\t\t\t\t\t\t\t\t\t\t\t\t\t\t\t\t\t\t\t\t\t\t<button type=\"button\" class=\"button-wishlist\"  title=\"Adaug\u0103 la Favorite\" onclick=\"wishlist.add('2734');\"><span>Adaug\u0103 la Favorite<\/span><\/button>\n\t\t\t\t\t\t\t\t\t\t\t\t\t\t\t\t\t\t\t\t\t\t\t\t\t\t\t\t\t\t\t\t\t\t<button type=\"button\" class=\"button-compare\"  title=\"Compar\u0103 acest Produs\" onclick=\"compare.add('2734');\"><span>Compar\u0103 acest Produs<\/span><\/button>\n\t\t\t\t\t\t\t\t\t\t\t\t\t\t\t\t\t\t\t\t\t\t\n\t\t\t\t\t\t\t\t\t\t<\/div>\n\t\t\t\t\t\t\t\t\t<\/div>\n\t\t\t\t\t\t\t\t\t\t\t\t\t\t\t<\/div>\n\t\t\t\t\t\t\t\n\t\t\t\t\t\t<\/div>\n\t\t\t\t\t\t\n\t\t\t\t\t<\/div>\n\t\t\t\t<\/div>\n\t\t\t<\/div>\n\t\t\t\t\t<div class=\"product-layout product-list col-xs-12 product-items\">\n\t\t\t\t<div class=\"product-thumb\">\n\t\t\t\t\t<div class=\"product-item\">\t\t\t\t\n\t\t\t\t\t\t\t\t\t\t\t\t\t<div class=\"image rotate-image-container\">\n\t\t\t\t\t\t\t\t<div class=\"inner\">\n\t\t\t\t\t\t\t\t\t\n\t\t\t\t\t\t\t\t\t<a href=\"https:\/\/librariasapientia.ro\/istoria-bisericii\/cultura-si-religie-in-dialog\">\n\t\t\t\t\t\t\t\t\t\t<img src=\"https:\/\/librariasapientia.ro\/image\/cache\/catalog\/c\/u\/cultura_si_religie_in_dialog-600x600.jpg\" alt=\"Cultur\u0103 \u0219i religie \u00een dialog\" title=\"Cultur\u0103 \u0219i religie \u00een dialog\" class=\"img-responsive img-default-image\" \/>\n\t\t\t\t\t\t\t\t\t\t\t\t\t\t\t\t\t\t\t<\/a>\n\t\t\t\t\t\t\t\t\t<div class=\"quickview\">\n\t\t\t\t\t\t\t\t\t\t\t\t\t\t\t\t\t\t\t\t\t<button class=\"button-quickview\" type=\"button\"  title=\"\" onclick=\"ptquickview.ajaxView('https:\/\/librariasapientia.ro\/istoria-bisericii\/cultura-si-religie-in-dialog')\"><span><\/span><\/button>\n\t\t\t\t\t\t\t\t\t\t\t\t\t\t\t\t\t\t\t<\/div>\n\t\t\t\t\t\t\t\t\t\n\t\t\t\t\t\t\t\t<\/div>\n\t\t\t\t\t\t\t<\/div>\n\t\t\t\t\t\t\t\t\t\t\t\t\n\t\t\t\t\t\t<div class=\"caption\">\n\t\t\t\t\t\t\t<div class=\"inner\">\n\t\t\t\t\t\t\t\t\n\t\t\t\t\t\t\t\t\n\t\t\t\t\t\t\t\t\t\t\t\t\t\t\t\t\n\t\t\t\t\t\t\t\t<h4><a href=\"https:\/\/librariasapientia.ro\/istoria-bisericii\/cultura-si-religie-in-dialog\">Cultur\u0103 \u0219i religie \u00een dialog<\/a><\/h4>\n\t\t\t\t\t\t\t\t\t\t\t\t\t\t\t\t<div>\n\t\t\t\t\t\t\t\t\t\t\t\t\t\t\t\t\t<p class=\"price\"> \t\t\t\t\t\t\t\t\t\t\t20,00 Lei\n\t\t\t\t\t\t\t\t\t\t\t\t\t\t\t\t\t\t\t\t <\/p>\n\t\t\t\t\t\t\t\t\t\t\t\t\t\t\t\t\t\t\t\t\t\t\t\t\t<div class=\"box-label\">\n\t\t\t\t\t\t\t\t\t\t\t\t\t\t\t\t\t\t\t\t\t\t\t\t\t\t\t\t\t<\/div>\n\t\t\t\t\t\t\t\t\t\t\t\t\t\t\t\t<\/div>\n\t\t\t\t\t\t\t\t\t\t\t\t\t\t\t\t\t<p class=\"product-description\">\u00a0\u00a0 Editura \u201eSapientia\u201d anun\u0163\u0103 apari\u0163ia c\u0103r\u0163ii Cultur\u0103 \u015fi religie \u00een dialog, scris\u0103 de pr. dr. Emil Dumea. Cartea apare \u00een colec\u0163ia \u201eIstoria Bisericii\u201d, formatul 14x20, are 290 de p..<\/p>\n\t\t\t\t\t\t\t\t\t\t\t\t\t\t\t\t\t\t\t\t\t\t\t\t\t<div class=\"button-group\">\n\t\t\t\t\t\t\t\t\t\t<div class=\"inner\">\n\t\t\t\t\t\t\t\t\t\t\t\t\t\t\t\t\t\t\t\t\t\t\t<button type=\"button\" class=\"button-cart\"  title=\"Adaug\u0103 \u00een Co\u0219\" onclick=\"cart.add('2053', '1');\"><span>Adaug\u0103 \u00een Co\u0219<\/span><\/button>\n\t\t\t\t\t\t\t\t\t\t\t\t\t\t\t\t\t\t\t\t\t\t\t\t\t\t\t\t\t\t\t\t\t\t<button type=\"button\" class=\"button-wishlist\"  title=\"Adaug\u0103 la Favorite\" onclick=\"wishlist.add('2053');\"><span>Adaug\u0103 la Favorite<\/span><\/button>\n\t\t\t\t\t\t\t\t\t\t\t\t\t\t\t\t\t\t\t\t\t\t\t\t\t\t\t\t\t\t\t\t\t\t<button type=\"button\" class=\"button-compare\"  title=\"Compar\u0103 acest Produs\" onclick=\"compare.add('2053');\"><span>Compar\u0103 acest Produs<\/span><\/button>\n\t\t\t\t\t\t\t\t\t\t\t\t\t\t\t\t\t\t\t\t\t\t\n\t\t\t\t\t\t\t\t\t\t<\/div>\n\t\t\t\t\t\t\t\t\t<\/div>\n\t\t\t\t\t\t\t\t\t\t\t\t\t\t\t<\/div>\n\t\t\t\t\t\t\t\n\t\t\t\t\t\t<\/div>\n\t\t\t\t\t\t\n\t\t\t\t\t<\/div>\n\t\t\t\t<\/div>\n\t\t\t<\/div>\n\t\t\t\t\t<div class=\"product-layout product-list col-xs-12 product-items\">\n\t\t\t\t<div class=\"product-thumb\">\n\t\t\t\t\t<div class=\"product-item\">\t\t\t\t\n\t\t\t\t\t\t\t\t\t\t\t\t\t<div class=\"image rotate-image-container\">\n\t\t\t\t\t\t\t\t<div class=\"inner\">\n\t\t\t\t\t\t\t\t\t\n\t\t\t\t\t\t\t\t\t<a href=\"https:\/\/librariasapientia.ro\/istoria-bisericii\/din-istoria-comunitatilor-catolice-din-moldova\">\n\t\t\t\t\t\t\t\t\t\t<img src=\"https:\/\/librariasapientia.ro\/image\/cache\/catalog\/d\/i\/din-istoria-comunitatilor-catolice-din-moldova-600x600.jpg\" alt=\"Din istoria comunit\u0103\u0163ilor catolice din Moldova\" title=\"Din istoria comunit\u0103\u0163ilor catolice din Moldova\" class=\"img-responsive img-default-image\" \/>\n\t\t\t\t\t\t\t\t\t\t\t\t\t\t\t\t\t\t\t<\/a>\n\t\t\t\t\t\t\t\t\t<div class=\"quickview\">\n\t\t\t\t\t\t\t\t\t\t\t\t\t\t\t\t\t\t\t\t\t<button class=\"button-quickview\" type=\"button\"  title=\"\" onclick=\"ptquickview.ajaxView('https:\/\/librariasapientia.ro\/istoria-bisericii\/din-istoria-comunitatilor-catolice-din-moldova')\"><span><\/span><\/button>\n\t\t\t\t\t\t\t\t\t\t\t\t\t\t\t\t\t\t\t<\/div>\n\t\t\t\t\t\t\t\t\t\n\t\t\t\t\t\t\t\t<\/div>\n\t\t\t\t\t\t\t<\/div>\n\t\t\t\t\t\t\t\t\t\t\t\t\n\t\t\t\t\t\t<div class=\"caption\">\n\t\t\t\t\t\t\t<div class=\"inner\">\n\t\t\t\t\t\t\t\t\n\t\t\t\t\t\t\t\t\n\t\t\t\t\t\t\t\t\t\t\t\t\t\t\t\t\n\t\t\t\t\t\t\t\t<h4><a href=\"https:\/\/librariasapientia.ro\/istoria-bisericii\/din-istoria-comunitatilor-catolice-din-moldova\">Din istoria comunit\u0103\u0163ilor catolice din Moldova<\/a><\/h4>\n\t\t\t\t\t\t\t\t\t\t\t\t\t\t\t\t<div>\n\t\t\t\t\t\t\t\t\t\t\t\t\t\t\t\t\t<p class=\"price\"> \t\t\t\t\t\t\t\t\t\t\t25,00 Lei\n\t\t\t\t\t\t\t\t\t\t\t\t\t\t\t\t\t\t\t\t <\/p>\n\t\t\t\t\t\t\t\t\t\t\t\t\t\t\t\t\t\t\t\t\t\t\t\t\t<div class=\"box-label\">\n\t\t\t\t\t\t\t\t\t\t\t\t\t\t\t\t\t\t\t\t\t\t\t\t\t\t\t\t\t<\/div>\n\t\t\t\t\t\t\t\t\t\t\t\t\t\t\t\t<\/div>\n\t\t\t\t\t\t\t\t\t\t\t\t\t\t\t\t\t<p class=\"product-description\">\u00a0\u00a0 C\u00e2nd vorbim despre monografie, ca \u015fi gen literar, vorbim de o tratare a unei singure probleme, dar care \u00eencearc\u0103 s\u0103 o investigheze din toate unghiurile posibile \u015fi sub toate asp..<\/p>\n\t\t\t\t\t\t\t\t\t\t\t\t\t\t\t\t\t\t\t\t\t\t\t\t\t<div class=\"button-group\">\n\t\t\t\t\t\t\t\t\t\t<div class=\"inner\">\n\t\t\t\t\t\t\t\t\t\t\t\t\t\t\t\t\t\t\t\t\t\t\t<button type=\"button\" class=\"button-cart\"  title=\"Adaug\u0103 \u00een Co\u0219\" onclick=\"cart.add('2225', '1');\"><span>Adaug\u0103 \u00een Co\u0219<\/span><\/button>\n\t\t\t\t\t\t\t\t\t\t\t\t\t\t\t\t\t\t\t\t\t\t\t\t\t\t\t\t\t\t\t\t\t\t<button type=\"button\" class=\"button-wishlist\"  title=\"Adaug\u0103 la Favorite\" onclick=\"wishlist.add('2225');\"><span>Adaug\u0103 la Favorite<\/span><\/button>\n\t\t\t\t\t\t\t\t\t\t\t\t\t\t\t\t\t\t\t\t\t\t\t\t\t\t\t\t\t\t\t\t\t\t<button type=\"button\" class=\"button-compare\"  title=\"Compar\u0103 acest Produs\" onclick=\"compare.add('2225');\"><span>Compar\u0103 acest Produs<\/span><\/button>\n\t\t\t\t\t\t\t\t\t\t\t\t\t\t\t\t\t\t\t\t\t\t\n\t\t\t\t\t\t\t\t\t\t<\/div>\n\t\t\t\t\t\t\t\t\t<\/div>\n\t\t\t\t\t\t\t\t\t\t\t\t\t\t\t<\/div>\n\t\t\t\t\t\t\t\n\t\t\t\t\t\t<\/div>\n\t\t\t\t\t\t\n\t\t\t\t\t<\/div>\n\t\t\t\t<\/div>\n\t\t\t<\/div>\n\t\t\t\t\t<div class=\"product-layout product-list col-xs-12 product-items\">\n\t\t\t\t<div class=\"product-thumb\">\n\t\t\t\t\t<div class=\"product-item\">\t\t\t\t\n\t\t\t\t\t\t\t\t\t\t\t\t\t<div class=\"image rotate-image-container\">\n\t\t\t\t\t\t\t\t<div class=\"inner\">\n\t\t\t\t\t\t\t\t\t\n\t\t\t\t\t\t\t\t\t<a href=\"https:\/\/librariasapientia.ro\/istoria-bisericii\/din-istoricul-bisericii-si-comunitatii-romano-catolice-vatra-dornei\">\n\t\t\t\t\t\t\t\t\t\t<img src=\"https:\/\/librariasapientia.ro\/image\/cache\/catalog\/s\/a\/sap1777_vatra_dornei_1-600x600.jpg\" alt=\"Din istoricul bisericii \u015fi comunit\u0103\u0163ii romano-catolice Vatra Dornei\" title=\"Din istoricul bisericii \u015fi comunit\u0103\u0163ii romano-catolice Vatra Dornei\" class=\"img-responsive img-default-image\" \/>\n\t\t\t\t\t\t\t\t\t\t\t\t\t\t\t\t\t\t\t<\/a>\n\t\t\t\t\t\t\t\t\t<div class=\"quickview\">\n\t\t\t\t\t\t\t\t\t\t\t\t\t\t\t\t\t\t\t\t\t<button class=\"button-quickview\" type=\"button\"  title=\"\" onclick=\"ptquickview.ajaxView('https:\/\/librariasapientia.ro\/istoria-bisericii\/din-istoricul-bisericii-si-comunitatii-romano-catolice-vatra-dornei')\"><span><\/span><\/button>\n\t\t\t\t\t\t\t\t\t\t\t\t\t\t\t\t\t\t\t<\/div>\n\t\t\t\t\t\t\t\t\t\n\t\t\t\t\t\t\t\t<\/div>\n\t\t\t\t\t\t\t<\/div>\n\t\t\t\t\t\t\t\t\t\t\t\t\n\t\t\t\t\t\t<div class=\"caption\">\n\t\t\t\t\t\t\t<div class=\"inner\">\n\t\t\t\t\t\t\t\t\n\t\t\t\t\t\t\t\t\n\t\t\t\t\t\t\t\t\t\t\t\t\t\t\t\t\n\t\t\t\t\t\t\t\t<h4><a href=\"https:\/\/librariasapientia.ro\/istoria-bisericii\/din-istoricul-bisericii-si-comunitatii-romano-catolice-vatra-dornei\">Din istoricul bisericii \u015fi comunit\u0103\u0163ii romano-catolice Vatra Dornei<\/a><\/h4>\n\t\t\t\t\t\t\t\t\t\t\t\t\t\t\t\t<div>\n\t\t\t\t\t\t\t\t\t\t\t\t\t\t\t\t\t<p class=\"price\"> \t\t\t\t\t\t\t\t\t\t\t70,00 Lei\n\t\t\t\t\t\t\t\t\t\t\t\t\t\t\t\t\t\t\t\t <\/p>\n\t\t\t\t\t\t\t\t\t\t\t\t\t\t\t\t\t\t\t\t\t\t\t\t\t<div class=\"box-label\">\n\t\t\t\t\t\t\t\t\t\t\t\t\t\t\t\t\t\t\t\t\t\t\t\t\t\t\t\t\t<\/div>\n\t\t\t\t\t\t\t\t\t\t\t\t\t\t\t\t<\/div>\n\t\t\t\t\t\t\t\t\t\t\t\t\t\t\t\t\t<p class=\"product-description\">La Editura \u201eSapientia\u201d a ap\u0103rut recent cartea\u00a0Din istoricul bisericii \u015fi comunit\u0103\u0163ii romano-catolice Vatra Dornei, scris\u0103 de\u00a0Paul Bra\u015fcanu. Cartea apare \u00een colec\u021bia \u201eIstoria Biseri..<\/p>\n\t\t\t\t\t\t\t\t\t\t\t\t\t\t\t\t\t\t\t\t\t\t\t\t\t<div class=\"button-group\">\n\t\t\t\t\t\t\t\t\t\t<div class=\"inner\">\n\t\t\t\t\t\t\t\t\t\t\t\t\t\t\t\t\t\t\t\t\t\t\t<button type=\"button\" class=\"button-cart\"  title=\"Adaug\u0103 \u00een Co\u0219\" onclick=\"cart.add('2919', '1');\"><span>Adaug\u0103 \u00een Co\u0219<\/span><\/button>\n\t\t\t\t\t\t\t\t\t\t\t\t\t\t\t\t\t\t\t\t\t\t\t\t\t\t\t\t\t\t\t\t\t\t<button type=\"button\" class=\"button-wishlist\"  title=\"Adaug\u0103 la Favorite\" onclick=\"wishlist.add('2919');\"><span>Adaug\u0103 la Favorite<\/span><\/button>\n\t\t\t\t\t\t\t\t\t\t\t\t\t\t\t\t\t\t\t\t\t\t\t\t\t\t\t\t\t\t\t\t\t\t<button type=\"button\" class=\"button-compare\"  title=\"Compar\u0103 acest Produs\" onclick=\"compare.add('2919');\"><span>Compar\u0103 acest Produs<\/span><\/button>\n\t\t\t\t\t\t\t\t\t\t\t\t\t\t\t\t\t\t\t\t\t\t\n\t\t\t\t\t\t\t\t\t\t<\/div>\n\t\t\t\t\t\t\t\t\t<\/div>\n\t\t\t\t\t\t\t\t\t\t\t\t\t\t\t<\/div>\n\t\t\t\t\t\t\t\n\t\t\t\t\t\t<\/div>\n\t\t\t\t\t\t\n\t\t\t\t\t<\/div>\n\t\t\t\t<\/div>\n\t\t\t<\/div>\n\t\t\t\t\t<div class=\"product-layout product-list col-xs-12 product-items\">\n\t\t\t\t<div class=\"product-thumb\">\n\t\t\t\t\t<div class=\"product-item\">\t\t\t\t\n\t\t\t\t\t\t\t\t\t\t\t\t\t<div class=\"image rotate-image-container\">\n\t\t\t\t\t\t\t\t<div class=\"inner\">\n\t\t\t\t\t\t\t\t\t\n\t\t\t\t\t\t\t\t\t<a href=\"https:\/\/librariasapientia.ro\/istoria-bisericii\/dinamica-pastoririi-biserici-romano-catolice-din-moldova-de-la-infiintarea-episcopiei-de-iasi-1884-pana-in-prezent\">\n\t\t\t\t\t\t\t\t\t\t<img src=\"https:\/\/librariasapientia.ro\/image\/cache\/catalog\/d\/i\/dinamica-pastatorii-bisericii-catolice-din-moldova-600x600.jpg\" alt=\"Dinamica p\u0103storirii Biserici Romano-Catolice din Moldova de la \u00eenfiin\u0163area Episcopiei de Ia\u015fi (1884) p\u00e2n\u0103 \u00een prezent\" title=\"Dinamica p\u0103storirii Biserici Romano-Catolice din Moldova de la \u00eenfiin\u0163area Episcopiei de Ia\u015fi (1884) p\u00e2n\u0103 \u00een prezent\" class=\"img-responsive img-default-image\" \/>\n\t\t\t\t\t\t\t\t\t\t\t\t\t\t\t\t\t\t\t<\/a>\n\t\t\t\t\t\t\t\t\t<div class=\"quickview\">\n\t\t\t\t\t\t\t\t\t\t\t\t\t\t\t\t\t\t\t\t\t<button class=\"button-quickview\" type=\"button\"  title=\"\" onclick=\"ptquickview.ajaxView('https:\/\/librariasapientia.ro\/istoria-bisericii\/dinamica-pastoririi-biserici-romano-catolice-din-moldova-de-la-infiintarea-episcopiei-de-iasi-1884-pana-in-prezent')\"><span><\/span><\/button>\n\t\t\t\t\t\t\t\t\t\t\t\t\t\t\t\t\t\t\t<\/div>\n\t\t\t\t\t\t\t\t\t\n\t\t\t\t\t\t\t\t<\/div>\n\t\t\t\t\t\t\t<\/div>\n\t\t\t\t\t\t\t\t\t\t\t\t\n\t\t\t\t\t\t<div class=\"caption\">\n\t\t\t\t\t\t\t<div class=\"inner\">\n\t\t\t\t\t\t\t\t\n\t\t\t\t\t\t\t\t\n\t\t\t\t\t\t\t\t\t\t\t\t\t\t\t\t\n\t\t\t\t\t\t\t\t<h4><a href=\"https:\/\/librariasapientia.ro\/istoria-bisericii\/dinamica-pastoririi-biserici-romano-catolice-din-moldova-de-la-infiintarea-episcopiei-de-iasi-1884-pana-in-prezent\">Dinamica p\u0103storirii Biserici Romano-Catolice din Moldova de la \u00eenfiin\u0163area Episcopiei de Ia\u015fi (1884) p\u00e2n\u0103 \u00een prezent<\/a><\/h4>\n\t\t\t\t\t\t\t\t\t\t\t\t\t\t\t\t<div>\n\t\t\t\t\t\t\t\t\t\t\t\t\t\t\t\t\t<p class=\"price\"> \t\t\t\t\t\t\t\t\t\t\t30,00 Lei\n\t\t\t\t\t\t\t\t\t\t\t\t\t\t\t\t\t\t\t\t <\/p>\n\t\t\t\t\t\t\t\t\t\t\t\t\t\t\t\t\t\t\t\t\t\t\t\t\t<div class=\"box-label\">\n\t\t\t\t\t\t\t\t\t\t\t\t\t\t\t\t\t\t\t\t\t\t\t\t\t\t\t\t\t<\/div>\n\t\t\t\t\t\t\t\t\t\t\t\t\t\t\t\t<\/div>\n\t\t\t\t\t\t\t\t\t\t\t\t\t\t\t\t\t<p class=\"product-description\">\u00a0\u00a0 La 130 de ani de la \u00eenfiin\u0163area Diecezei de Ia\u015fi, Departamentul de cercetare al Facult\u0103\u0163ii de Teologie Romano-Catolic\u0103 din cadrul Universit\u0103\u0163ii \u201eAl.I. Cuza\u201d din Ia\u015fi, \u00een partene..<\/p>\n\t\t\t\t\t\t\t\t\t\t\t\t\t\t\t\t\t\t\t\t\t\t\t\t\t<div class=\"button-group\">\n\t\t\t\t\t\t\t\t\t\t<div class=\"inner\">\n\t\t\t\t\t\t\t\t\t\t\t\t\t\t\t\t\t\t\t\t\t\t\t<button type=\"button\" class=\"button-cart\"  title=\"Adaug\u0103 \u00een Co\u0219\" onclick=\"cart.add('2234', '1');\"><span>Adaug\u0103 \u00een Co\u0219<\/span><\/button>\n\t\t\t\t\t\t\t\t\t\t\t\t\t\t\t\t\t\t\t\t\t\t\t\t\t\t\t\t\t\t\t\t\t\t<button type=\"button\" class=\"button-wishlist\"  title=\"Adaug\u0103 la Favorite\" onclick=\"wishlist.add('2234');\"><span>Adaug\u0103 la Favorite<\/span><\/button>\n\t\t\t\t\t\t\t\t\t\t\t\t\t\t\t\t\t\t\t\t\t\t\t\t\t\t\t\t\t\t\t\t\t\t<button type=\"button\" class=\"button-compare\"  title=\"Compar\u0103 acest Produs\" onclick=\"compare.add('2234');\"><span>Compar\u0103 acest Produs<\/span><\/button>\n\t\t\t\t\t\t\t\t\t\t\t\t\t\t\t\t\t\t\t\t\t\t\n\t\t\t\t\t\t\t\t\t\t<\/div>\n\t\t\t\t\t\t\t\t\t<\/div>\n\t\t\t\t\t\t\t\t\t\t\t\t\t\t\t<\/div>\n\t\t\t\t\t\t\t\n\t\t\t\t\t\t<\/div>\n\t\t\t\t\t\t\n\t\t\t\t\t<\/div>\n\t\t\t\t<\/div>\n\t\t\t<\/div>\n\t\t\t\t\t<div class=\"product-layout product-list col-xs-12 product-items\">\n\t\t\t\t<div class=\"product-thumb\">\n\t\t\t\t\t<div class=\"product-item\">\t\t\t\t\n\t\t\t\t\t\t\t\t\t\t\t\t\t<div class=\"image rotate-image-container\">\n\t\t\t\t\t\t\t\t<div class=\"inner\">\n\t\t\t\t\t\t\t\t\t\n\t\t\t\t\t\t\t\t\t<a href=\"https:\/\/librariasapientia.ro\/istoria-bisericii\/dinamica-pastoririi-bisericii-romano-catolice-din-moldova-de-la-infiintarea-episcopiei-de-iasi-1884-pana-in-prezent-ii-episcopul-mihai-robu\">\n\t\t\t\t\t\t\t\t\t\t<img src=\"https:\/\/librariasapientia.ro\/image\/cache\/catalog\/d\/i\/dinamica-pastoririi-bisericii-romano-catolice-din-moldova-600x600.jpg\" alt=\"Dinamica pastoririi Bisericii Romano-Catolice din Moldova de la \u00eenfiintarea Episcopiei de Iasi (1884) p\u00e2na \u00een prezent. II. Episcopul Mihai Robu\" title=\"Dinamica pastoririi Bisericii Romano-Catolice din Moldova de la \u00eenfiintarea Episcopiei de Iasi (1884) p\u00e2na \u00een prezent. II. Episcopul Mihai Robu\" class=\"img-responsive img-default-image\" \/>\n\t\t\t\t\t\t\t\t\t\t\t\t\t\t\t\t\t\t\t<\/a>\n\t\t\t\t\t\t\t\t\t<div class=\"quickview\">\n\t\t\t\t\t\t\t\t\t\t\t\t\t\t\t\t\t\t\t\t\t<button class=\"button-quickview\" type=\"button\"  title=\"\" onclick=\"ptquickview.ajaxView('https:\/\/librariasapientia.ro\/istoria-bisericii\/dinamica-pastoririi-bisericii-romano-catolice-din-moldova-de-la-infiintarea-episcopiei-de-iasi-1884-pana-in-prezent-ii-episcopul-mihai-robu')\"><span><\/span><\/button>\n\t\t\t\t\t\t\t\t\t\t\t\t\t\t\t\t\t\t\t<\/div>\n\t\t\t\t\t\t\t\t\t\n\t\t\t\t\t\t\t\t<\/div>\n\t\t\t\t\t\t\t<\/div>\n\t\t\t\t\t\t\t\t\t\t\t\t\n\t\t\t\t\t\t<div class=\"caption\">\n\t\t\t\t\t\t\t<div class=\"inner\">\n\t\t\t\t\t\t\t\t\n\t\t\t\t\t\t\t\t\n\t\t\t\t\t\t\t\t\t\t\t\t\t\t\t\t\n\t\t\t\t\t\t\t\t<h4><a href=\"https:\/\/librariasapientia.ro\/istoria-bisericii\/dinamica-pastoririi-bisericii-romano-catolice-din-moldova-de-la-infiintarea-episcopiei-de-iasi-1884-pana-in-prezent-ii-episcopul-mihai-robu\">Dinamica pastoririi Bisericii Romano-Catolice din Moldova de la \u00eenfiintarea Episcopiei de Iasi (1884) p\u00e2na \u00een prezent. II. Episcopul Mihai Robu<\/a><\/h4>\n\t\t\t\t\t\t\t\t\t\t\t\t\t\t\t\t<div>\n\t\t\t\t\t\t\t\t\t\t\t\t\t\t\t\t\t<p class=\"price\"> \t\t\t\t\t\t\t\t\t\t\t25,00 Lei\n\t\t\t\t\t\t\t\t\t\t\t\t\t\t\t\t\t\t\t\t <\/p>\n\t\t\t\t\t\t\t\t\t\t\t\t\t\t\t\t\t\t\t\t\t\t\t\t\t<div class=\"box-label\">\n\t\t\t\t\t\t\t\t\t\t\t\t\t\t\t\t\t\t\t\t\t\t\t\t\t\t\t\t\t<\/div>\n\t\t\t\t\t\t\t\t\t\t\t\t\t\t\t\t<\/div>\n\t\t\t\t\t\t\t\t\t\t\t\t\t\t\t\t\t<p class=\"product-description\">Printre activitatile Departamentului de Cercetare al Facultatii de Teologie Romano-Catolica din cadrul Universitatii \u201eAl.I. Cuza\u201d, \u00een parteneriat cu Departamentul de Cercetare Isto..<\/p>\n\t\t\t\t\t\t\t\t\t\t\t\t\t\t\t\t\t\t\t\t\t\t\t\t\t<div class=\"button-group\">\n\t\t\t\t\t\t\t\t\t\t<div class=\"inner\">\n\t\t\t\t\t\t\t\t\t\t\t\t\t\t\t\t\t\t\t\t\t\t\t<button type=\"button\" class=\"button-cart\"  title=\"Adaug\u0103 \u00een Co\u0219\" onclick=\"cart.add('2084', '1');\"><span>Adaug\u0103 \u00een Co\u0219<\/span><\/button>\n\t\t\t\t\t\t\t\t\t\t\t\t\t\t\t\t\t\t\t\t\t\t\t\t\t\t\t\t\t\t\t\t\t\t<button type=\"button\" class=\"button-wishlist\"  title=\"Adaug\u0103 la Favorite\" onclick=\"wishlist.add('2084');\"><span>Adaug\u0103 la Favorite<\/span><\/button>\n\t\t\t\t\t\t\t\t\t\t\t\t\t\t\t\t\t\t\t\t\t\t\t\t\t\t\t\t\t\t\t\t\t\t<button type=\"button\" class=\"button-compare\"  title=\"Compar\u0103 acest Produs\" onclick=\"compare.add('2084');\"><span>Compar\u0103 acest Produs<\/span><\/button>\n\t\t\t\t\t\t\t\t\t\t\t\t\t\t\t\t\t\t\t\t\t\t\n\t\t\t\t\t\t\t\t\t\t<\/div>\n\t\t\t\t\t\t\t\t\t<\/div>\n\t\t\t\t\t\t\t\t\t\t\t\t\t\t\t<\/div>\n\t\t\t\t\t\t\t\n\t\t\t\t\t\t<\/div>\n\t\t\t\t\t\t\n\t\t\t\t\t<\/div>\n\t\t\t\t<\/div>\n\t\t\t<\/div>\n\t\t\t\t\t<div class=\"product-layout product-list col-xs-12 product-items\">\n\t\t\t\t<div class=\"product-thumb\">\n\t\t\t\t\t<div class=\"product-item\">\t\t\t\t\n\t\t\t\t\t\t\t\t\t\t\t\t\t<div class=\"image rotate-image-container\">\n\t\t\t\t\t\t\t\t<div class=\"inner\">\n\t\t\t\t\t\t\t\t\t\n\t\t\t\t\t\t\t\t\t<a href=\"https:\/\/librariasapientia.ro\/istoria-bisericii\/episcopul-anton-durcovici-o-viata-inchinata-lui-dumnezeu-si-bisericii\">\n\t\t\t\t\t\t\t\t\t\t<img src=\"https:\/\/librariasapientia.ro\/image\/cache\/catalog\/e\/p\/episcopul-anton-durcovici-o-viata-inchinata-lui-dumnezeu-si-bisericii-600x600.jpg\" alt=\"Episcopul Anton Durcovici, o viata \u00eenchinata lui Dumnezeu si Bisericii\" title=\"Episcopul Anton Durcovici, o viata \u00eenchinata lui Dumnezeu si Bisericii\" class=\"img-responsive img-default-image\" \/>\n\t\t\t\t\t\t\t\t\t\t\t\t\t\t\t\t\t\t\t<\/a>\n\t\t\t\t\t\t\t\t\t<div class=\"quickview\">\n\t\t\t\t\t\t\t\t\t\t\t\t\t\t\t\t\t\t\t\t\t<button class=\"button-quickview\" type=\"button\"  title=\"\" onclick=\"ptquickview.ajaxView('https:\/\/librariasapientia.ro\/istoria-bisericii\/episcopul-anton-durcovici-o-viata-inchinata-lui-dumnezeu-si-bisericii')\"><span><\/span><\/button>\n\t\t\t\t\t\t\t\t\t\t\t\t\t\t\t\t\t\t\t<\/div>\n\t\t\t\t\t\t\t\t\t\n\t\t\t\t\t\t\t\t<\/div>\n\t\t\t\t\t\t\t<\/div>\n\t\t\t\t\t\t\t\t\t\t\t\t\n\t\t\t\t\t\t<div class=\"caption\">\n\t\t\t\t\t\t\t<div class=\"inner\">\n\t\t\t\t\t\t\t\t\n\t\t\t\t\t\t\t\t\n\t\t\t\t\t\t\t\t\t\t\t\t\t\t\t\t\n\t\t\t\t\t\t\t\t<h4><a href=\"https:\/\/librariasapientia.ro\/istoria-bisericii\/episcopul-anton-durcovici-o-viata-inchinata-lui-dumnezeu-si-bisericii\">Episcopul Anton Durcovici, o viata \u00eenchinata lui Dumnezeu si Bisericii<\/a><\/h4>\n\t\t\t\t\t\t\t\t\t\t\t\t\t\t\t\t<div>\n\t\t\t\t\t\t\t\t\t\t\t\t\t\t\t\t\t<p class=\"price\"> \t\t\t\t\t\t\t\t\t\t\t15,00 Lei\n\t\t\t\t\t\t\t\t\t\t\t\t\t\t\t\t\t\t\t\t <\/p>\n\t\t\t\t\t\t\t\t\t\t\t\t\t\t\t\t\t\t\t\t\t\t\t\t\t<div class=\"box-label\">\n\t\t\t\t\t\t\t\t\t\t\t\t\t\t\t\t\t\t\t\t\t\t\t\t\t\t\t\t\t<\/div>\n\t\t\t\t\t\t\t\t\t\t\t\t\t\t\t\t<\/div>\n\t\t\t\t\t\t\t\t\t\t\t\t\t\t\t\t\t<p class=\"product-description\">\u00a0\u00a0 \u00cenca o carte referitoare la episcopul dr. Anton Durcovici. Mai era nevoie? \u201eUn om al lui Dumnezeu\u201d de talia lui, \u201eun om providential pentru Eparhia de Iasi \u00een timpuri deosebit d..<\/p>\n\t\t\t\t\t\t\t\t\t\t\t\t\t\t\t\t\t\t\t\t\t\t\t\t\t<div class=\"button-group\">\n\t\t\t\t\t\t\t\t\t\t<div class=\"inner\">\n\t\t\t\t\t\t\t\t\t\t\t\t\t\t\t\t\t\t\t\t\t\t\t<button type=\"button\" class=\"button-cart\"  title=\"Adaug\u0103 \u00een Co\u0219\" onclick=\"cart.add('2211', '1');\"><span>Adaug\u0103 \u00een Co\u0219<\/span><\/button>\n\t\t\t\t\t\t\t\t\t\t\t\t\t\t\t\t\t\t\t\t\t\t\t\t\t\t\t\t\t\t\t\t\t\t<button type=\"button\" class=\"button-wishlist\"  title=\"Adaug\u0103 la Favorite\" onclick=\"wishlist.add('2211');\"><span>Adaug\u0103 la Favorite<\/span><\/button>\n\t\t\t\t\t\t\t\t\t\t\t\t\t\t\t\t\t\t\t\t\t\t\t\t\t\t\t\t\t\t\t\t\t\t<button type=\"button\" class=\"button-compare\"  title=\"Compar\u0103 acest Produs\" onclick=\"compare.add('2211');\"><span>Compar\u0103 acest Produs<\/span><\/button>\n\t\t\t\t\t\t\t\t\t\t\t\t\t\t\t\t\t\t\t\t\t\t\n\t\t\t\t\t\t\t\t\t\t<\/div>\n\t\t\t\t\t\t\t\t\t<\/div>\n\t\t\t\t\t\t\t\t\t\t\t\t\t\t\t<\/div>\n\t\t\t\t\t\t\t\n\t\t\t\t\t\t<\/div>\n\t\t\t\t\t\t\n\t\t\t\t\t<\/div>\n\t\t\t\t<\/div>\n\t\t\t<\/div>\n\t\t\t\t\t<div class=\"product-layout product-list col-xs-12 product-items\">\n\t\t\t\t<div class=\"product-thumb\">\n\t\t\t\t\t<div class=\"product-item\">\t\t\t\t\n\t\t\t\t\t\t\t\t\t\t\t\t\t<div class=\"image rotate-image-container\">\n\t\t\t\t\t\t\t\t<div class=\"inner\">\n\t\t\t\t\t\t\t\t\t\n\t\t\t\t\t\t\t\t\t<a href=\"https:\/\/librariasapientia.ro\/istoria-bisericii\/et-in-arcadia-ego-consemnari-jurnalistice-despre-biserica-catolica-din-romania-vol-1-ziarul-opinia-iasi-1897-1915-1926-1940\">\n\t\t\t\t\t\t\t\t\t\t<img src=\"https:\/\/librariasapientia.ro\/image\/cache\/catalog\/s\/a\/sap1792_tamas_opinia-600x600.jpg\" alt=\"Et in Arcadia ego! : consemn\u0103ri jurnalistice despre Biserica Catolic\u0103 din Rom\u00e2nia. Vol. 1. : Ziarul Opinia Ia\u015fi : (1897-1915, 1926-1940)\" title=\"Et in Arcadia ego! : consemn\u0103ri jurnalistice despre Biserica Catolic\u0103 din Rom\u00e2nia. Vol. 1. : Ziarul Opinia Ia\u015fi : (1897-1915, 1926-1940)\" class=\"img-responsive img-default-image\" \/>\n\t\t\t\t\t\t\t\t\t\t\t\t\t\t\t\t\t\t\t<\/a>\n\t\t\t\t\t\t\t\t\t<div class=\"quickview\">\n\t\t\t\t\t\t\t\t\t\t\t\t\t\t\t\t\t\t\t\t\t<button class=\"button-quickview\" type=\"button\"  title=\"\" onclick=\"ptquickview.ajaxView('https:\/\/librariasapientia.ro\/istoria-bisericii\/et-in-arcadia-ego-consemnari-jurnalistice-despre-biserica-catolica-din-romania-vol-1-ziarul-opinia-iasi-1897-1915-1926-1940')\"><span><\/span><\/button>\n\t\t\t\t\t\t\t\t\t\t\t\t\t\t\t\t\t\t\t<\/div>\n\t\t\t\t\t\t\t\t\t\n\t\t\t\t\t\t\t\t<\/div>\n\t\t\t\t\t\t\t<\/div>\n\t\t\t\t\t\t\t\t\t\t\t\t\n\t\t\t\t\t\t<div class=\"caption\">\n\t\t\t\t\t\t\t<div class=\"inner\">\n\t\t\t\t\t\t\t\t\n\t\t\t\t\t\t\t\t\n\t\t\t\t\t\t\t\t\t\t\t\t\t\t\t\t\n\t\t\t\t\t\t\t\t<h4><a href=\"https:\/\/librariasapientia.ro\/istoria-bisericii\/et-in-arcadia-ego-consemnari-jurnalistice-despre-biserica-catolica-din-romania-vol-1-ziarul-opinia-iasi-1897-1915-1926-1940\">Et in Arcadia ego! : consemn\u0103ri jurnalistice despre Biserica Catolic\u0103 din Rom\u00e2nia. Vol. 1. : Ziarul Opinia Ia\u015fi : (1897-1915, 1926-1940)<\/a><\/h4>\n\t\t\t\t\t\t\t\t\t\t\t\t\t\t\t\t<div>\n\t\t\t\t\t\t\t\t\t\t\t\t\t\t\t\t\t<p class=\"price\"> \t\t\t\t\t\t\t\t\t\t\t35,00 Lei\n\t\t\t\t\t\t\t\t\t\t\t\t\t\t\t\t\t\t\t\t <\/p>\n\t\t\t\t\t\t\t\t\t\t\t\t\t\t\t\t\t\t\t\t\t\t\t\t\t<div class=\"box-label\">\n\t\t\t\t\t\t\t\t\t\t\t\t\t\t\t\t\t\t\t\t\t\t\t\t\t\t\t\t\t<\/div>\n\t\t\t\t\t\t\t\t\t\t\t\t\t\t\t\t<\/div>\n\t\t\t\t\t\t\t\t\t\t\t\t\t\t\t\t\t<p class=\"product-description\">La Editura \u201eSapientia\u201d a ap\u0103rut recent cartea\u00a0Et in Arcadia ego! : consemn\u0103ri jurnalistice despre Biserica Catolic\u0103 din Rom\u00e2nia. Vol. 1. : Ziarul Opinia Ia\u015fi : (1897-1915, 1926-194..<\/p>\n\t\t\t\t\t\t\t\t\t\t\t\t\t\t\t\t\t\t\t\t\t\t\t\t\t<div class=\"button-group\">\n\t\t\t\t\t\t\t\t\t\t<div class=\"inner\">\n\t\t\t\t\t\t\t\t\t\t\t\t\t\t\t\t\t\t\t\t\t\t\t<button type=\"button\" class=\"button-cart\"  title=\"Adaug\u0103 \u00een Co\u0219\" onclick=\"cart.add('2934', '1');\"><span>Adaug\u0103 \u00een Co\u0219<\/span><\/button>\n\t\t\t\t\t\t\t\t\t\t\t\t\t\t\t\t\t\t\t\t\t\t\t\t\t\t\t\t\t\t\t\t\t\t<button type=\"button\" class=\"button-wishlist\"  title=\"Adaug\u0103 la Favorite\" onclick=\"wishlist.add('2934');\"><span>Adaug\u0103 la Favorite<\/span><\/button>\n\t\t\t\t\t\t\t\t\t\t\t\t\t\t\t\t\t\t\t\t\t\t\t\t\t\t\t\t\t\t\t\t\t\t<button type=\"button\" class=\"button-compare\"  title=\"Compar\u0103 acest Produs\" onclick=\"compare.add('2934');\"><span>Compar\u0103 acest Produs<\/span><\/button>\n\t\t\t\t\t\t\t\t\t\t\t\t\t\t\t\t\t\t\t\t\t\t\n\t\t\t\t\t\t\t\t\t\t<\/div>\n\t\t\t\t\t\t\t\t\t<\/div>\n\t\t\t\t\t\t\t\t\t\t\t\t\t\t\t<\/div>\n\t\t\t\t\t\t\t\n\t\t\t\t\t\t<\/div>\n\t\t\t\t\t\t\n\t\t\t\t\t<\/div>\n\t\t\t\t<\/div>\n\t\t\t<\/div>\n\t\t\t\t\t<div class=\"product-layout product-list col-xs-12 product-items\">\n\t\t\t\t<div class=\"product-thumb\">\n\t\t\t\t\t<div class=\"product-item\">\t\t\t\t\n\t\t\t\t\t\t\t\t\t\t\t\t\t<div class=\"image rotate-image-container\">\n\t\t\t\t\t\t\t\t<div class=\"inner\">\n\t\t\t\t\t\t\t\t\t\n\t\t\t\t\t\t\t\t\t<a href=\"https:\/\/librariasapientia.ro\/istoria-bisericii\/figuri-ilustre-din-istoria-diecezei-de-chisinau-si-a-diecezei-de-iasi\">\n\t\t\t\t\t\t\t\t\t\t<img src=\"https:\/\/librariasapientia.ro\/image\/cache\/catalog\/s\/a\/sap1845_figuri-ilustre_1-600x600.jpg\" alt=\"Figuri ilustre din istoria Diecezei de Chi\u015fin\u0103u \u015fi a Diecezei de Ia\u015fi\" title=\"Figuri ilustre din istoria Diecezei de Chi\u015fin\u0103u \u015fi a Diecezei de Ia\u015fi\" class=\"img-responsive img-default-image\" \/>\n\t\t\t\t\t\t\t\t\t\t\t\t\t\t\t\t\t\t\t<\/a>\n\t\t\t\t\t\t\t\t\t<div class=\"quickview\">\n\t\t\t\t\t\t\t\t\t\t\t\t\t\t\t\t\t\t\t\t\t<button class=\"button-quickview\" type=\"button\"  title=\"\" onclick=\"ptquickview.ajaxView('https:\/\/librariasapientia.ro\/istoria-bisericii\/figuri-ilustre-din-istoria-diecezei-de-chisinau-si-a-diecezei-de-iasi')\"><span><\/span><\/button>\n\t\t\t\t\t\t\t\t\t\t\t\t\t\t\t\t\t\t\t<\/div>\n\t\t\t\t\t\t\t\t\t\n\t\t\t\t\t\t\t\t<\/div>\n\t\t\t\t\t\t\t<\/div>\n\t\t\t\t\t\t\t\t\t\t\t\t\n\t\t\t\t\t\t<div class=\"caption\">\n\t\t\t\t\t\t\t<div class=\"inner\">\n\t\t\t\t\t\t\t\t\n\t\t\t\t\t\t\t\t\n\t\t\t\t\t\t\t\t\t\t\t\t\t\t\t\t\n\t\t\t\t\t\t\t\t<h4><a href=\"https:\/\/librariasapientia.ro\/istoria-bisericii\/figuri-ilustre-din-istoria-diecezei-de-chisinau-si-a-diecezei-de-iasi\">Figuri ilustre din istoria Diecezei de Chi\u015fin\u0103u \u015fi a Diecezei de Ia\u015fi<\/a><\/h4>\n\t\t\t\t\t\t\t\t\t\t\t\t\t\t\t\t<div>\n\t\t\t\t\t\t\t\t\t\t\t\t\t\t\t\t\t<p class=\"price\"> \t\t\t\t\t\t\t\t\t\t\t40,00 Lei\n\t\t\t\t\t\t\t\t\t\t\t\t\t\t\t\t\t\t\t\t <\/p>\n\t\t\t\t\t\t\t\t\t\t\t\t\t\t\t\t\t\t\t\t\t\t\t\t\t<div class=\"box-label\">\n\t\t\t\t\t\t\t\t\t\t\t\t\t\t\t\t\t\t\t\t\t\t\t\t\t\t\t\t\t<\/div>\n\t\t\t\t\t\t\t\t\t\t\t\t\t\t\t\t<\/div>\n\t\t\t\t\t\t\t\t\t\t\t\t\t\t\t\t\t<p class=\"product-description\">La Editura \u201eSapientia\u201d a ap\u0103rut recent\u00a0cartea:\u00a0Figuri ilustre din istoria Diecezei de Chi\u015fin\u0103u \u015fi a Diecezei de Ia\u015fi, scris\u0103 de pr. dr.\u00a0Petru Ciobanu \u0219i dr. D\u0103nu\u0163 Dobo\u0219. Cartea apa..<\/p>\n\t\t\t\t\t\t\t\t\t\t\t\t\t\t\t\t\t\t\t\t\t\t\t\t\t<div class=\"button-group\">\n\t\t\t\t\t\t\t\t\t\t<div class=\"inner\">\n\t\t\t\t\t\t\t\t\t\t\t\t\t\t\t\t\t\t\t\t\t\t\t<button type=\"button\" class=\"button-cart\"  title=\"Adaug\u0103 \u00een Co\u0219\" onclick=\"cart.add('2991', '1');\"><span>Adaug\u0103 \u00een Co\u0219<\/span><\/button>\n\t\t\t\t\t\t\t\t\t\t\t\t\t\t\t\t\t\t\t\t\t\t\t\t\t\t\t\t\t\t\t\t\t\t<button type=\"button\" class=\"button-wishlist\"  title=\"Adaug\u0103 la Favorite\" onclick=\"wishlist.add('2991');\"><span>Adaug\u0103 la Favorite<\/span><\/button>\n\t\t\t\t\t\t\t\t\t\t\t\t\t\t\t\t\t\t\t\t\t\t\t\t\t\t\t\t\t\t\t\t\t\t<button type=\"button\" class=\"button-compare\"  title=\"Compar\u0103 acest Produs\" onclick=\"compare.add('2991');\"><span>Compar\u0103 acest Produs<\/span><\/button>\n\t\t\t\t\t\t\t\t\t\t\t\t\t\t\t\t\t\t\t\t\t\t\n\t\t\t\t\t\t\t\t\t\t<\/div>\n\t\t\t\t\t\t\t\t\t<\/div>\n\t\t\t\t\t\t\t\t\t\t\t\t\t\t\t<\/div>\n\t\t\t\t\t\t\t\n\t\t\t\t\t\t<\/div>\n\t\t\t\t\t\t\n\t\t\t\t\t<\/div>\n\t\t\t\t<\/div>\n\t\t\t<\/div>\n\t\t\t\t\t<div class=\"product-layout product-list col-xs-12 product-items\">\n\t\t\t\t<div class=\"product-thumb\">\n\t\t\t\t\t<div class=\"product-item\">\t\t\t\t\n\t\t\t\t\t\t\t\t\t\t\t\t\t<div class=\"image rotate-image-container\">\n\t\t\t\t\t\t\t\t<div class=\"inner\">\n\t\t\t\t\t\t\t\t\t\n\t\t\t\t\t\t\t\t\t<a href=\"https:\/\/librariasapientia.ro\/istoria-bisericii\/fotografii\u2013sa-mergem-\u00eempreun\u0103-Papa-Francisc-la-Ia\u015fi-1-iunie-2019\">\n\t\t\t\t\t\t\t\t\t\t<img src=\"https:\/\/librariasapientia.ro\/image\/cache\/catalog\/Sapientia\/Coperti\/SAP1745_Cuba_Papa_la-Iasi-600x600.jpg\" alt=\"Fotografii \u2013 \u201eS\u0103 mergem \u00eempreun\u0103!\u201d: Papa Francisc la Ia\u015fi, 1 iunie 2019\" title=\"Fotografii \u2013 \u201eS\u0103 mergem \u00eempreun\u0103!\u201d: Papa Francisc la Ia\u015fi, 1 iunie 2019\" class=\"img-responsive img-default-image\" \/>\n\t\t\t\t\t\t\t\t\t\t\t\t\t\t\t\t\t\t\t<\/a>\n\t\t\t\t\t\t\t\t\t<div class=\"quickview\">\n\t\t\t\t\t\t\t\t\t\t\t\t\t\t\t\t\t\t\t\t\t<button class=\"button-quickview\" type=\"button\"  title=\"\" onclick=\"ptquickview.ajaxView('https:\/\/librariasapientia.ro\/istoria-bisericii\/fotografii\u2013sa-mergem-\u00eempreun\u0103-Papa-Francisc-la-Ia\u015fi-1-iunie-2019')\"><span><\/span><\/button>\n\t\t\t\t\t\t\t\t\t\t\t\t\t\t\t\t\t\t\t<\/div>\n\t\t\t\t\t\t\t\t\t\n\t\t\t\t\t\t\t\t<\/div>\n\t\t\t\t\t\t\t<\/div>\n\t\t\t\t\t\t\t\t\t\t\t\t\n\t\t\t\t\t\t<div class=\"caption\">\n\t\t\t\t\t\t\t<div class=\"inner\">\n\t\t\t\t\t\t\t\t\n\t\t\t\t\t\t\t\t\n\t\t\t\t\t\t\t\t\t\t\t\t\t\t\t\t\n\t\t\t\t\t\t\t\t<h4><a href=\"https:\/\/librariasapientia.ro\/istoria-bisericii\/fotografii\u2013sa-mergem-\u00eempreun\u0103-Papa-Francisc-la-Ia\u015fi-1-iunie-2019\">Fotografii \u2013 \u201eS\u0103 mergem \u00eempreun\u0103!\u201d: Papa Francisc la Ia\u015fi, 1 iunie 2019<\/a><\/h4>\n\t\t\t\t\t\t\t\t\t\t\t\t\t\t\t\t<div>\n\t\t\t\t\t\t\t\t\t\t\t\t\t\t\t\t\t<p class=\"price\">  <span class=\"price-new\">80,00 Lei<\/span> <span class=\"price-old\">150,00 Lei<\/span> \t\t\t\t\t\t\t\t\t\t <\/p>\n\t\t\t\t\t\t\t\t\t\t\t\t\t\t\t\t\t\t\t\t\t\t\t\t\t<div class=\"box-label\">\n\t\t\t\t\t\t\t\t\t\t\t\t\t\t\t\t\t\t\t\t\t<div><span class=\"pro-label sale\">-47%<\/span><\/div>\n\t\t\t\t\t\t\t\t\t\t\t\t\t\t\t\t\t\t\t\t\t\t\t\t\t\t\t\t\t<\/div>\n\t\t\t\t\t\t\t\t\t\t\t\t\t\t\t\t<\/div>\n\t\t\t\t\t\t\t\t\t\t\t\t\t\t\t\t\t<p class=\"product-description\">La Editura \u201eSapientia\u201d a ap\u0103rut recent cartea\u00a0\u201eS\u0103 mergem \u00eempreun\u0103!\u201d: Papa Francisc la Ia\u015fi, 1 iunie 2019. Fotografii. Volumul, coordonat de \u00cePS Aurel Perc\u0103, ofer\u0103 cititorului o ret..<\/p>\n\t\t\t\t\t\t\t\t\t\t\t\t\t\t\t\t\t\t\t\t\t\t\t\t\t<div class=\"button-group\">\n\t\t\t\t\t\t\t\t\t\t<div class=\"inner\">\n\t\t\t\t\t\t\t\t\t\t\t\t\t\t\t\t\t\t\t\t\t\t\t<button type=\"button\" class=\"button-cart\"  title=\"Adaug\u0103 \u00een Co\u0219\" onclick=\"cart.add('2892', '1');\"><span>Adaug\u0103 \u00een Co\u0219<\/span><\/button>\n\t\t\t\t\t\t\t\t\t\t\t\t\t\t\t\t\t\t\t\t\t\t\t\t\t\t\t\t\t\t\t\t\t\t<button type=\"button\" class=\"button-wishlist\"  title=\"Adaug\u0103 la Favorite\" onclick=\"wishlist.add('2892');\"><span>Adaug\u0103 la Favorite<\/span><\/button>\n\t\t\t\t\t\t\t\t\t\t\t\t\t\t\t\t\t\t\t\t\t\t\t\t\t\t\t\t\t\t\t\t\t\t<button type=\"button\" class=\"button-compare\"  title=\"Compar\u0103 acest Produs\" onclick=\"compare.add('2892');\"><span>Compar\u0103 acest Produs<\/span><\/button>\n\t\t\t\t\t\t\t\t\t\t\t\t\t\t\t\t\t\t\t\t\t\t\n\t\t\t\t\t\t\t\t\t\t<\/div>\n\t\t\t\t\t\t\t\t\t<\/div>\n\t\t\t\t\t\t\t\t\t\t\t\t\t\t\t<\/div>\n\t\t\t\t\t\t\t\n\t\t\t\t\t\t<\/div>\n\t\t\t\t\t\t\n\t\t\t\t\t<\/div>\n\t\t\t\t<\/div>\n\t\t\t<\/div>\n\t\t\t\t\t<div class=\"product-layout product-list col-xs-12 product-items\">\n\t\t\t\t<div class=\"product-thumb\">\n\t\t\t\t\t<div class=\"product-item\">\t\t\t\t\n\t\t\t\t\t\t\t\t\t\t\t\t\t<div class=\"image rotate-image-container\">\n\t\t\t\t\t\t\t\t<div class=\"inner\">\n\t\t\t\t\t\t\t\t\t\n\t\t\t\t\t\t\t\t\t<a href=\"https:\/\/librariasapientia.ro\/istoria-bisericii\/gheorghe-petz-pastor-al-diecezei-romano-catolice-de-iasi-in-vremuri-de-persecutie\">\n\t\t\t\t\t\t\t\t\t\t<img src=\"https:\/\/librariasapientia.ro\/image\/cache\/catalog\/s\/a\/sap1902_gheorghe-petz-600x600.jpg\" alt=\"Gheorghe Petz. P\u0103stor al Diecezei Romano-Catolice de Ia\u015fi \u00een vremuri de persecu\u0163ie\" title=\"Gheorghe Petz. P\u0103stor al Diecezei Romano-Catolice de Ia\u015fi \u00een vremuri de persecu\u0163ie\" class=\"img-responsive img-default-image\" \/>\n\t\t\t\t\t\t\t\t\t\t\t\t\t\t\t\t\t\t\t<\/a>\n\t\t\t\t\t\t\t\t\t<div class=\"quickview\">\n\t\t\t\t\t\t\t\t\t\t\t\t\t\t\t\t\t\t\t\t\t<button class=\"button-quickview\" type=\"button\"  title=\"\" onclick=\"ptquickview.ajaxView('https:\/\/librariasapientia.ro\/istoria-bisericii\/gheorghe-petz-pastor-al-diecezei-romano-catolice-de-iasi-in-vremuri-de-persecutie')\"><span><\/span><\/button>\n\t\t\t\t\t\t\t\t\t\t\t\t\t\t\t\t\t\t\t<\/div>\n\t\t\t\t\t\t\t\t\t\n\t\t\t\t\t\t\t\t<\/div>\n\t\t\t\t\t\t\t<\/div>\n\t\t\t\t\t\t\t\t\t\t\t\t\n\t\t\t\t\t\t<div class=\"caption\">\n\t\t\t\t\t\t\t<div class=\"inner\">\n\t\t\t\t\t\t\t\t\n\t\t\t\t\t\t\t\t\n\t\t\t\t\t\t\t\t\t\t\t\t\t\t\t\t\n\t\t\t\t\t\t\t\t<h4><a href=\"https:\/\/librariasapientia.ro\/istoria-bisericii\/gheorghe-petz-pastor-al-diecezei-romano-catolice-de-iasi-in-vremuri-de-persecutie\">Gheorghe Petz. P\u0103stor al Diecezei Romano-Catolice de Ia\u015fi \u00een vremuri de persecu\u0163ie<\/a><\/h4>\n\t\t\t\t\t\t\t\t\t\t\t\t\t\t\t\t<div>\n\t\t\t\t\t\t\t\t\t\t\t\t\t\t\t\t\t<p class=\"price\"> \t\t\t\t\t\t\t\t\t\t\t25,00 Lei\n\t\t\t\t\t\t\t\t\t\t\t\t\t\t\t\t\t\t\t\t <\/p>\n\t\t\t\t\t\t\t\t\t\t\t\t\t\t\t\t\t\t\t\t\t\t\t\t\t<div class=\"box-label\">\n\t\t\t\t\t\t\t\t\t\t\t\t\t\t\t\t\t\t\t\t\t\t\t\t\t\t\t\t\t<\/div>\n\t\t\t\t\t\t\t\t\t\t\t\t\t\t\t\t<\/div>\n\t\t\t\t\t\t\t\t\t\t\t\t\t\t\t\t\t<p class=\"product-description\">La Editura \u201eSapientia\u201d a ap\u0103rut recent\u00a0cartea:\u00a0Gheorghe Petz. P\u0103stor al Diecezei Romano-Catolice de Ia\u015fi \u00een vremuri de persecu\u0163ie, scris\u0103 de\u00a0dr. D\u0103nu\u021b Dobo\u0219. Cartea apare \u00een colec\u021b..<\/p>\n\t\t\t\t\t\t\t\t\t\t\t\t\t\t\t\t\t\t\t\t\t\t\t\t\t<div class=\"button-group\">\n\t\t\t\t\t\t\t\t\t\t<div class=\"inner\">\n\t\t\t\t\t\t\t\t\t\t\t\t\t\t\t\t\t\t\t\t\t\t\t<button type=\"button\" class=\"button-cart\"  title=\"Adaug\u0103 \u00een Co\u0219\" onclick=\"cart.add('3047', '1');\"><span>Adaug\u0103 \u00een Co\u0219<\/span><\/button>\n\t\t\t\t\t\t\t\t\t\t\t\t\t\t\t\t\t\t\t\t\t\t\t\t\t\t\t\t\t\t\t\t\t\t<button type=\"button\" class=\"button-wishlist\"  title=\"Adaug\u0103 la Favorite\" onclick=\"wishlist.add('3047');\"><span>Adaug\u0103 la Favorite<\/span><\/button>\n\t\t\t\t\t\t\t\t\t\t\t\t\t\t\t\t\t\t\t\t\t\t\t\t\t\t\t\t\t\t\t\t\t\t<button type=\"button\" class=\"button-compare\"  title=\"Compar\u0103 acest Produs\" onclick=\"compare.add('3047');\"><span>Compar\u0103 acest Produs<\/span><\/button>\n\t\t\t\t\t\t\t\t\t\t\t\t\t\t\t\t\t\t\t\t\t\t\n\t\t\t\t\t\t\t\t\t\t<\/div>\n\t\t\t\t\t\t\t\t\t<\/div>\n\t\t\t\t\t\t\t\t\t\t\t\t\t\t\t<\/div>\n\t\t\t\t\t\t\t\n\t\t\t\t\t\t<\/div>\n\t\t\t\t\t\t\n\t\t\t\t\t<\/div>\n\t\t\t\t<\/div>\n\t\t\t<\/div>\n\t\t\t\t\t<div class=\"product-layout product-list col-xs-12 product-items\">\n\t\t\t\t<div class=\"product-thumb\">\n\t\t\t\t\t<div class=\"product-item\">\t\t\t\t\n\t\t\t\t\t\t\t\t\t\t\t\t\t<div class=\"image rotate-image-container\">\n\t\t\t\t\t\t\t\t<div class=\"inner\">\n\t\t\t\t\t\t\t\t\t\n\t\t\t\t\t\t\t\t\t<a href=\"https:\/\/librariasapientia.ro\/istoria-bisericii\/in-inima-diecezei-preot-profesor-rector-episcop\">\n\t\t\t\t\t\t\t\t\t\t<img src=\"https:\/\/librariasapientia.ro\/image\/cache\/catalog\/i\/n\/in-inima-diecezei-preot-profesor-rector-episcop-600x600.jpg\" alt=\"\u00cen inima Diecezei: preot, profesor, rector, episcop\" title=\"\u00cen inima Diecezei: preot, profesor, rector, episcop\" class=\"img-responsive img-default-image\" \/>\n\t\t\t\t\t\t\t\t\t\t\t\t\t\t\t\t\t\t\t<\/a>\n\t\t\t\t\t\t\t\t\t<div class=\"quickview\">\n\t\t\t\t\t\t\t\t\t\t\t\t\t\t\t\t\t\t\t\t\t<button class=\"button-quickview\" type=\"button\"  title=\"\" onclick=\"ptquickview.ajaxView('https:\/\/librariasapientia.ro\/istoria-bisericii\/in-inima-diecezei-preot-profesor-rector-episcop')\"><span><\/span><\/button>\n\t\t\t\t\t\t\t\t\t\t\t\t\t\t\t\t\t\t\t<\/div>\n\t\t\t\t\t\t\t\t\t\n\t\t\t\t\t\t\t\t<\/div>\n\t\t\t\t\t\t\t<\/div>\n\t\t\t\t\t\t\t\t\t\t\t\t\n\t\t\t\t\t\t<div class=\"caption\">\n\t\t\t\t\t\t\t<div class=\"inner\">\n\t\t\t\t\t\t\t\t\n\t\t\t\t\t\t\t\t\n\t\t\t\t\t\t\t\t\t\t\t\t\t\t\t\t\n\t\t\t\t\t\t\t\t<h4><a href=\"https:\/\/librariasapientia.ro\/istoria-bisericii\/in-inima-diecezei-preot-profesor-rector-episcop\">\u00cen inima Diecezei: preot, profesor, rector, episcop<\/a><\/h4>\n\t\t\t\t\t\t\t\t\t\t\t\t\t\t\t\t<div>\n\t\t\t\t\t\t\t\t\t\t\t\t\t\t\t\t\t<p class=\"price\"> \t\t\t\t\t\t\t\t\t\t\t100,00 Lei\n\t\t\t\t\t\t\t\t\t\t\t\t\t\t\t\t\t\t\t\t <\/p>\n\t\t\t\t\t\t\t\t\t\t\t\t\t\t\t\t\t\t\t\t\t\t\t\t\t<div class=\"box-label\">\n\t\t\t\t\t\t\t\t\t\t\t\t\t\t\t\t\t\t\t\t\t\t\t\t\t\t\t\t\t<\/div>\n\t\t\t\t\t\t\t\t\t\t\t\t\t\t\t\t<\/div>\n\t\t\t\t\t\t\t\t\t\t\t\t\t\t\t\t\t<p class=\"product-description\">\u00a0\u00a0 La Editura \u201eSapientia\u201d a ap\u0103rut cartea \u00cen inima Diecezei: preot, profesor, rector, episcop. Volum omagial oferit PS Petru Gherghel de comunitatea Seminarului mare \u201eSf. Iosif\u201d di..<\/p>\n\t\t\t\t\t\t\t\t\t\t\t\t\t\t\t\t\t\t\t\t\t\t\t\t\t<div class=\"button-group\">\n\t\t\t\t\t\t\t\t\t\t<div class=\"inner\">\n\t\t\t\t\t\t\t\t\t\t\t\t\t\t\t\t\t\t\t\t\t\t\t<button type=\"button\" class=\"button-cart\"  title=\"Adaug\u0103 \u00een Co\u0219\" onclick=\"cart.add('2307', '1');\"><span>Adaug\u0103 \u00een Co\u0219<\/span><\/button>\n\t\t\t\t\t\t\t\t\t\t\t\t\t\t\t\t\t\t\t\t\t\t\t\t\t\t\t\t\t\t\t\t\t\t<button type=\"button\" class=\"button-wishlist\"  title=\"Adaug\u0103 la Favorite\" onclick=\"wishlist.add('2307');\"><span>Adaug\u0103 la Favorite<\/span><\/button>\n\t\t\t\t\t\t\t\t\t\t\t\t\t\t\t\t\t\t\t\t\t\t\t\t\t\t\t\t\t\t\t\t\t\t<button type=\"button\" class=\"button-compare\"  title=\"Compar\u0103 acest Produs\" onclick=\"compare.add('2307');\"><span>Compar\u0103 acest Produs<\/span><\/button>\n\t\t\t\t\t\t\t\t\t\t\t\t\t\t\t\t\t\t\t\t\t\t\n\t\t\t\t\t\t\t\t\t\t<\/div>\n\t\t\t\t\t\t\t\t\t<\/div>\n\t\t\t\t\t\t\t\t\t\t\t\t\t\t\t<\/div>\n\t\t\t\t\t\t\t\n\t\t\t\t\t\t<\/div>\n\t\t\t\t\t\t\n\t\t\t\t\t<\/div>\n\t\t\t\t<\/div>\n\t\t\t<\/div>\n\t\t\t\t\t<div class=\"product-layout product-list col-xs-12 product-items\">\n\t\t\t\t<div class=\"product-thumb\">\n\t\t\t\t\t<div class=\"product-item\">\t\t\t\t\n\t\t\t\t\t\t\t\t\t\t\t\t\t<div class=\"image rotate-image-container\">\n\t\t\t\t\t\t\t\t<div class=\"inner\">\n\t\t\t\t\t\t\t\t\t\n\t\t\t\t\t\t\t\t\t<a href=\"https:\/\/librariasapientia.ro\/istoria-bisericii\/in-umbra-crucii-articole-si-studii-despre-episcopul-martir-anton-durcovici\">\n\t\t\t\t\t\t\t\t\t\t<img src=\"https:\/\/librariasapientia.ro\/image\/cache\/catalog\/i\/n\/in-umbra-crucii-stefan-lupu-600x600.jpg\" alt=\"\u00cen umbra crucii. Articole \u015fi studii despre episcopul martir Anton Durcovici\" title=\"\u00cen umbra crucii. Articole \u015fi studii despre episcopul martir Anton Durcovici\" class=\"img-responsive img-default-image\" \/>\n\t\t\t\t\t\t\t\t\t\t\t\t\t\t\t\t\t\t\t<\/a>\n\t\t\t\t\t\t\t\t\t<div class=\"quickview\">\n\t\t\t\t\t\t\t\t\t\t\t\t\t\t\t\t\t\t\t\t\t<button class=\"button-quickview\" type=\"button\"  title=\"\" onclick=\"ptquickview.ajaxView('https:\/\/librariasapientia.ro\/istoria-bisericii\/in-umbra-crucii-articole-si-studii-despre-episcopul-martir-anton-durcovici')\"><span><\/span><\/button>\n\t\t\t\t\t\t\t\t\t\t\t\t\t\t\t\t\t\t\t<\/div>\n\t\t\t\t\t\t\t\t\t\n\t\t\t\t\t\t\t\t<\/div>\n\t\t\t\t\t\t\t<\/div>\n\t\t\t\t\t\t\t\t\t\t\t\t\n\t\t\t\t\t\t<div class=\"caption\">\n\t\t\t\t\t\t\t<div class=\"inner\">\n\t\t\t\t\t\t\t\t\n\t\t\t\t\t\t\t\t\n\t\t\t\t\t\t\t\t\t\t\t\t\t\t\t\t\n\t\t\t\t\t\t\t\t<h4><a href=\"https:\/\/librariasapientia.ro\/istoria-bisericii\/in-umbra-crucii-articole-si-studii-despre-episcopul-martir-anton-durcovici\">\u00cen umbra crucii. Articole \u015fi studii despre episcopul martir Anton Durcovici<\/a><\/h4>\n\t\t\t\t\t\t\t\t\t\t\t\t\t\t\t\t<div>\n\t\t\t\t\t\t\t\t\t\t\t\t\t\t\t\t\t<p class=\"price\"> \t\t\t\t\t\t\t\t\t\t\t35,00 Lei\n\t\t\t\t\t\t\t\t\t\t\t\t\t\t\t\t\t\t\t\t <\/p>\n\t\t\t\t\t\t\t\t\t\t\t\t\t\t\t\t\t\t\t\t\t\t\t\t\t<div class=\"box-label\">\n\t\t\t\t\t\t\t\t\t\t\t\t\t\t\t\t\t\t\t\t\t\t\t\t\t\t\t\t\t<\/div>\n\t\t\t\t\t\t\t\t\t\t\t\t\t\t\t\t<\/div>\n\t\t\t\t\t\t\t\t\t\t\t\t\t\t\t\t\t<p class=\"product-description\">\u00a0\u00a0 Imaginea lui Cristos, p\u0103storul cel bun, care \u00ee\u015fi d\u0103 via\u0163a pentru oile sale \u015fi care le poart\u0103 la p\u0103\u015funi verzi, nu poate fi uitat\u0103 niciodat\u0103, fiind \u00eenscris\u0103 \u00een istoria omenirii ca..<\/p>\n\t\t\t\t\t\t\t\t\t\t\t\t\t\t\t\t\t\t\t\t\t\t\t\t\t<div class=\"button-group\">\n\t\t\t\t\t\t\t\t\t\t<div class=\"inner\">\n\t\t\t\t\t\t\t\t\t\t\t\t\t\t\t\t\t\t\t\t\t\t\t<button type=\"button\" class=\"button-cart\"  title=\"Adaug\u0103 \u00een Co\u0219\" onclick=\"cart.add('2226', '1');\"><span>Adaug\u0103 \u00een Co\u0219<\/span><\/button>\n\t\t\t\t\t\t\t\t\t\t\t\t\t\t\t\t\t\t\t\t\t\t\t\t\t\t\t\t\t\t\t\t\t\t<button type=\"button\" class=\"button-wishlist\"  title=\"Adaug\u0103 la Favorite\" onclick=\"wishlist.add('2226');\"><span>Adaug\u0103 la Favorite<\/span><\/button>\n\t\t\t\t\t\t\t\t\t\t\t\t\t\t\t\t\t\t\t\t\t\t\t\t\t\t\t\t\t\t\t\t\t\t<button type=\"button\" class=\"button-compare\"  title=\"Compar\u0103 acest Produs\" onclick=\"compare.add('2226');\"><span>Compar\u0103 acest Produs<\/span><\/button>\n\t\t\t\t\t\t\t\t\t\t\t\t\t\t\t\t\t\t\t\t\t\t\n\t\t\t\t\t\t\t\t\t\t<\/div>\n\t\t\t\t\t\t\t\t\t<\/div>\n\t\t\t\t\t\t\t\t\t\t\t\t\t\t\t<\/div>\n\t\t\t\t\t\t\t\n\t\t\t\t\t\t<\/div>\n\t\t\t\t\t\t\n\t\t\t\t\t<\/div>\n\t\t\t\t<\/div>\n\t\t\t<\/div>\n\t\t\t\t\t<div class=\"product-layout product-list col-xs-12 product-items\">\n\t\t\t\t<div class=\"product-thumb\">\n\t\t\t\t\t<div class=\"product-item\">\t\t\t\t\n\t\t\t\t\t\t\t\t\t\t\t\t\t<div class=\"image rotate-image-container\">\n\t\t\t\t\t\t\t\t<div class=\"inner\">\n\t\t\t\t\t\t\t\t\t\n\t\t\t\t\t\t\t\t\t<a href=\"https:\/\/librariasapientia.ro\/istoria-bisericii\/inceputurile-bisericii-catolice-din-moldova\">\n\t\t\t\t\t\t\t\t\t\t<img src=\"https:\/\/librariasapientia.ro\/image\/cache\/catalog\/i\/n\/inceputurile-bisericii-catolice-in-moldova-600x600.jpg\" alt=\"\u00cenceputurile Bisericii Catolice din Moldova \" title=\"\u00cenceputurile Bisericii Catolice din Moldova \" class=\"img-responsive img-default-image\" \/>\n\t\t\t\t\t\t\t\t\t\t\t\t\t\t\t\t\t\t\t<\/a>\n\t\t\t\t\t\t\t\t\t<div class=\"quickview\">\n\t\t\t\t\t\t\t\t\t\t\t\t\t\t\t\t\t\t\t\t\t<button class=\"button-quickview\" type=\"button\"  title=\"\" onclick=\"ptquickview.ajaxView('https:\/\/librariasapientia.ro\/istoria-bisericii\/inceputurile-bisericii-catolice-din-moldova')\"><span><\/span><\/button>\n\t\t\t\t\t\t\t\t\t\t\t\t\t\t\t\t\t\t\t<\/div>\n\t\t\t\t\t\t\t\t\t\n\t\t\t\t\t\t\t\t<\/div>\n\t\t\t\t\t\t\t<\/div>\n\t\t\t\t\t\t\t\t\t\t\t\t\n\t\t\t\t\t\t<div class=\"caption\">\n\t\t\t\t\t\t\t<div class=\"inner\">\n\t\t\t\t\t\t\t\t\n\t\t\t\t\t\t\t\t\n\t\t\t\t\t\t\t\t\t\t\t\t\t\t\t\t\n\t\t\t\t\t\t\t\t<h4><a href=\"https:\/\/librariasapientia.ro\/istoria-bisericii\/inceputurile-bisericii-catolice-din-moldova\">\u00cenceputurile Bisericii Catolice din Moldova <\/a><\/h4>\n\t\t\t\t\t\t\t\t\t\t\t\t\t\t\t\t<div>\n\t\t\t\t\t\t\t\t\t\t\t\t\t\t\t\t\t<p class=\"price\"> \t\t\t\t\t\t\t\t\t\t\t10,00 Lei\n\t\t\t\t\t\t\t\t\t\t\t\t\t\t\t\t\t\t\t\t <\/p>\n\t\t\t\t\t\t\t\t\t\t\t\t\t\t\t\t\t\t\t\t\t\t\t\t\t<div class=\"box-label\">\n\t\t\t\t\t\t\t\t\t\t\t\t\t\t\t\t\t\t\t\t\t\t\t\t\t\t\t\t\t<\/div>\n\t\t\t\t\t\t\t\t\t\t\t\t\t\t\t\t<\/div>\n\t\t\t\t\t\t\t\t\t\t\t\t\t\t\t\t\t<p class=\"product-description\">\u00a0\u00a0 Aparitia cartii \u00cenceputurile Bisericii Catolice din Moldova se datoreaza pr. prof. dr. Eduard Ferent, care s-a \u00eengrijit de adunarea si publicarea cercetarilor istorice efectuate..<\/p>\n\t\t\t\t\t\t\t\t\t\t\t\t\t\t\t\t\t\t\t\t\t\t\t\t\t<div class=\"button-group\">\n\t\t\t\t\t\t\t\t\t\t<div class=\"inner\">\n\t\t\t\t\t\t\t\t\t\t\t\t\t\t\t\t\t\t\t\t\t\t\t<button type=\"button\" class=\"button-cart\"  title=\"Adaug\u0103 \u00een Co\u0219\" onclick=\"cart.add('2216', '1');\"><span>Adaug\u0103 \u00een Co\u0219<\/span><\/button>\n\t\t\t\t\t\t\t\t\t\t\t\t\t\t\t\t\t\t\t\t\t\t\t\t\t\t\t\t\t\t\t\t\t\t<button type=\"button\" class=\"button-wishlist\"  title=\"Adaug\u0103 la Favorite\" onclick=\"wishlist.add('2216');\"><span>Adaug\u0103 la Favorite<\/span><\/button>\n\t\t\t\t\t\t\t\t\t\t\t\t\t\t\t\t\t\t\t\t\t\t\t\t\t\t\t\t\t\t\t\t\t\t<button type=\"button\" class=\"button-compare\"  title=\"Compar\u0103 acest Produs\" onclick=\"compare.add('2216');\"><span>Compar\u0103 acest Produs<\/span><\/button>\n\t\t\t\t\t\t\t\t\t\t\t\t\t\t\t\t\t\t\t\t\t\t\n\t\t\t\t\t\t\t\t\t\t<\/div>\n\t\t\t\t\t\t\t\t\t<\/div>\n\t\t\t\t\t\t\t\t\t\t\t\t\t\t\t<\/div>\n\t\t\t\t\t\t\t\n\t\t\t\t\t\t<\/div>\n\t\t\t\t\t\t\n\t\t\t\t\t<\/div>\n\t\t\t\t<\/div>\n\t\t\t<\/div>\n\t\t\t\t\t<div class=\"product-layout product-list col-xs-12 product-items\">\n\t\t\t\t<div class=\"product-thumb\">\n\t\t\t\t\t<div class=\"product-item\">\t\t\t\t\n\t\t\t\t\t\t\t\t\t\t\t\t\t<div class=\"image rotate-image-container\">\n\t\t\t\t\t\t\t\t<div class=\"inner\">\n\t\t\t\t\t\t\t\t\t\n\t\t\t\t\t\t\t\t\t<a href=\"https:\/\/librariasapientia.ro\/istoria-bisericii\/istoria-bisericii-secolele-xvi-xx\">\n\t\t\t\t\t\t\t\t\t\t<img src=\"https:\/\/librariasapientia.ro\/image\/cache\/catalog\/i\/m\/imagehandler_2__1_1-600x600.jpg\" alt=\"Istoria Bisericii (secolele XVI-XX)\" title=\"Istoria Bisericii (secolele XVI-XX)\" class=\"img-responsive img-default-image\" \/>\n\t\t\t\t\t\t\t\t\t\t\t\t\t\t\t\t\t\t\t<\/a>\n\t\t\t\t\t\t\t\t\t<div class=\"quickview\">\n\t\t\t\t\t\t\t\t\t\t\t\t\t\t\t\t\t\t\t\t\t<button class=\"button-quickview\" type=\"button\"  title=\"\" onclick=\"ptquickview.ajaxView('https:\/\/librariasapientia.ro\/istoria-bisericii\/istoria-bisericii-secolele-xvi-xx')\"><span><\/span><\/button>\n\t\t\t\t\t\t\t\t\t\t\t\t\t\t\t\t\t\t\t<\/div>\n\t\t\t\t\t\t\t\t\t\n\t\t\t\t\t\t\t\t<\/div>\n\t\t\t\t\t\t\t<\/div>\n\t\t\t\t\t\t\t\t\t\t\t\t\n\t\t\t\t\t\t<div class=\"caption\">\n\t\t\t\t\t\t\t<div class=\"inner\">\n\t\t\t\t\t\t\t\t\n\t\t\t\t\t\t\t\t\n\t\t\t\t\t\t\t\t\t\t\t\t\t\t\t\t\n\t\t\t\t\t\t\t\t<h4><a href=\"https:\/\/librariasapientia.ro\/istoria-bisericii\/istoria-bisericii-secolele-xvi-xx\">Istoria Bisericii (secolele XVI-XX)<\/a><\/h4>\n\t\t\t\t\t\t\t\t\t\t\t\t\t\t\t\t<div>\n\t\t\t\t\t\t\t\t\t\t\t\t\t\t\t\t\t<p class=\"price\"> \t\t\t\t\t\t\t\t\t\t\t35,00 Lei\n\t\t\t\t\t\t\t\t\t\t\t\t\t\t\t\t\t\t\t\t <\/p>\n\t\t\t\t\t\t\t\t\t\t\t\t\t\t\t\t\t\t\t\t\t\t\t\t\t<div class=\"box-label\">\n\t\t\t\t\t\t\t\t\t\t\t\t\t\t\t\t\t\t\t\t\t\t\t\t\t\t\t\t\t<\/div>\n\t\t\t\t\t\t\t\t\t\t\t\t\t\t\t\t<\/div>\n\t\t\t\t\t\t\t\t\t\t\t\t\t\t\t\t\t<p class=\"product-description\">La Editura \u201eSapientia\u201d a ap\u0103rut recent cartea Istoria Bisericii (secolele XVI \u2013 XX), scris\u0103 de pr. dr. Emil Dumea Cartea apare \u00een colec\u021bia \u201eIstoria Bisericii\u201d, formatul 14x20 cm, a..<\/p>\n\t\t\t\t\t\t\t\t\t\t\t\t\t\t\t\t\t\t\t\t\t\t\t\t\t<div class=\"button-group\">\n\t\t\t\t\t\t\t\t\t\t<div class=\"inner\">\n\t\t\t\t\t\t\t\t\t\t\t\t\t\t\t\t\t\t\t\t\t\t\t<button type=\"button\" class=\"button-cart\"  title=\"Adaug\u0103 \u00een Co\u0219\" onclick=\"cart.add('2642', '1');\"><span>Adaug\u0103 \u00een Co\u0219<\/span><\/button>\n\t\t\t\t\t\t\t\t\t\t\t\t\t\t\t\t\t\t\t\t\t\t\t\t\t\t\t\t\t\t\t\t\t\t<button type=\"button\" class=\"button-wishlist\"  title=\"Adaug\u0103 la Favorite\" onclick=\"wishlist.add('2642');\"><span>Adaug\u0103 la Favorite<\/span><\/button>\n\t\t\t\t\t\t\t\t\t\t\t\t\t\t\t\t\t\t\t\t\t\t\t\t\t\t\t\t\t\t\t\t\t\t<button type=\"button\" class=\"button-compare\"  title=\"Compar\u0103 acest Produs\" onclick=\"compare.add('2642');\"><span>Compar\u0103 acest Produs<\/span><\/button>\n\t\t\t\t\t\t\t\t\t\t\t\t\t\t\t\t\t\t\t\t\t\t\n\t\t\t\t\t\t\t\t\t\t<\/div>\n\t\t\t\t\t\t\t\t\t<\/div>\n\t\t\t\t\t\t\t\t\t\t\t\t\t\t\t<\/div>\n\t\t\t\t\t\t\t\n\t\t\t\t\t\t<\/div>\n\t\t\t\t\t\t\n\t\t\t\t\t<\/div>\n\t\t\t\t<\/div>\n\t\t\t<\/div>\n\t\t\t\t\t<div class=\"product-layout product-list col-xs-12 product-items\">\n\t\t\t\t<div class=\"product-thumb\">\n\t\t\t\t\t<div class=\"product-item\">\t\t\t\t\n\t\t\t\t\t\t\t\t\t\t\t\t\t<div class=\"image rotate-image-container\">\n\t\t\t\t\t\t\t\t<div class=\"inner\">\n\t\t\t\t\t\t\t\t\t\n\t\t\t\t\t\t\t\t\t<a href=\"https:\/\/librariasapientia.ro\/istoria-bisericii\/istoria-bisericii-catolice-din-moldova\">\n\t\t\t\t\t\t\t\t\t\t<img src=\"https:\/\/librariasapientia.ro\/image\/cache\/catalog\/i\/s\/istoria-bisericii-catolice-din-moldova-emil-dumea-600x600.jpg\" alt=\"Istoria Bisericii Catolice din Moldova \" title=\"Istoria Bisericii Catolice din Moldova \" class=\"img-responsive img-default-image\" \/>\n\t\t\t\t\t\t\t\t\t\t\t\t\t\t\t\t\t\t\t<\/a>\n\t\t\t\t\t\t\t\t\t<div class=\"quickview\">\n\t\t\t\t\t\t\t\t\t\t\t\t\t\t\t\t\t\t\t\t\t<button class=\"button-quickview\" type=\"button\"  title=\"\" onclick=\"ptquickview.ajaxView('https:\/\/librariasapientia.ro\/istoria-bisericii\/istoria-bisericii-catolice-din-moldova')\"><span><\/span><\/button>\n\t\t\t\t\t\t\t\t\t\t\t\t\t\t\t\t\t\t\t<\/div>\n\t\t\t\t\t\t\t\t\t\n\t\t\t\t\t\t\t\t<\/div>\n\t\t\t\t\t\t\t<\/div>\n\t\t\t\t\t\t\t\t\t\t\t\t\n\t\t\t\t\t\t<div class=\"caption\">\n\t\t\t\t\t\t\t<div class=\"inner\">\n\t\t\t\t\t\t\t\t\n\t\t\t\t\t\t\t\t\n\t\t\t\t\t\t\t\t\t\t\t\t\t\t\t\t\n\t\t\t\t\t\t\t\t<h4><a href=\"https:\/\/librariasapientia.ro\/istoria-bisericii\/istoria-bisericii-catolice-din-moldova\">Istoria Bisericii Catolice din Moldova <\/a><\/h4>\n\t\t\t\t\t\t\t\t\t\t\t\t\t\t\t\t<div>\n\t\t\t\t\t\t\t\t\t\t\t\t\t\t\t\t\t<p class=\"price\"> \t\t\t\t\t\t\t\t\t\t\t25,00 Lei\n\t\t\t\t\t\t\t\t\t\t\t\t\t\t\t\t\t\t\t\t <\/p>\n\t\t\t\t\t\t\t\t\t\t\t\t\t\t\t\t\t\t\t\t\t\t\t\t\t<div class=\"box-label\">\n\t\t\t\t\t\t\t\t\t\t\t\t\t\t\t\t\t\t\t\t\t\t\t\t\t\t\t\t\t<\/div>\n\t\t\t\t\t\t\t\t\t\t\t\t\t\t\t\t<\/div>\n\t\t\t\t\t\t\t\t\t\t\t\t\t\t\t\t\t<p class=\"product-description\">\u00a0 Sub titlul Istoria Bisericii Catolice din Moldova, ne-am propus sa redam \u00een linii generale evolutia catolicismului local, \u00eencep\u00e2nd cu secolul al XIII-lea p\u00e2na \u00een prezent. Lucrare..<\/p>\n\t\t\t\t\t\t\t\t\t\t\t\t\t\t\t\t\t\t\t\t\t\t\t\t\t<div class=\"button-group\">\n\t\t\t\t\t\t\t\t\t\t<div class=\"inner\">\n\t\t\t\t\t\t\t\t\t\t\t\t\t\t\t\t\t\t\t\t\t\t\t<button type=\"button\" class=\"button-cart\"  title=\"Adaug\u0103 \u00een Co\u0219\" onclick=\"cart.add('2230', '1');\"><span>Adaug\u0103 \u00een Co\u0219<\/span><\/button>\n\t\t\t\t\t\t\t\t\t\t\t\t\t\t\t\t\t\t\t\t\t\t\t\t\t\t\t\t\t\t\t\t\t\t<button type=\"button\" class=\"button-wishlist\"  title=\"Adaug\u0103 la Favorite\" onclick=\"wishlist.add('2230');\"><span>Adaug\u0103 la Favorite<\/span><\/button>\n\t\t\t\t\t\t\t\t\t\t\t\t\t\t\t\t\t\t\t\t\t\t\t\t\t\t\t\t\t\t\t\t\t\t<button type=\"button\" class=\"button-compare\"  title=\"Compar\u0103 acest Produs\" onclick=\"compare.add('2230');\"><span>Compar\u0103 acest Produs<\/span><\/button>\n\t\t\t\t\t\t\t\t\t\t\t\t\t\t\t\t\t\t\t\t\t\t\n\t\t\t\t\t\t\t\t\t\t<\/div>\n\t\t\t\t\t\t\t\t\t<\/div>\n\t\t\t\t\t\t\t\t\t\t\t\t\t\t\t<\/div>\n\t\t\t\t\t\t\t\n\t\t\t\t\t\t<\/div>\n\t\t\t\t\t\t\n\t\t\t\t\t<\/div>\n\t\t\t\t<\/div>\n\t\t\t<\/div>\n\t\t\t\t\t<div class=\"product-layout product-list col-xs-12 product-items\">\n\t\t\t\t<div class=\"product-thumb\">\n\t\t\t\t\t<div class=\"product-item\">\t\t\t\t\n\t\t\t\t\t\t\t\t\t\t\t\t\t<div class=\"image rotate-image-container\">\n\t\t\t\t\t\t\t\t<div class=\"inner\">\n\t\t\t\t\t\t\t\t\t\n\t\t\t\t\t\t\t\t\t<a href=\"https:\/\/librariasapientia.ro\/istoria-bisericii\/istoria-catolicilor-din-sabaoani\">\n\t\t\t\t\t\t\t\t\t\t<img src=\"https:\/\/librariasapientia.ro\/image\/cache\/catalog\/s\/a\/sap1708_sabaoani-1-600x600.jpg\" alt=\"Istoria catolicilor din S\u0103b\u0103oani\" title=\"Istoria catolicilor din S\u0103b\u0103oani\" class=\"img-responsive img-default-image\" \/>\n\t\t\t\t\t\t\t\t\t\t\t\t\t\t\t\t\t\t\t<\/a>\n\t\t\t\t\t\t\t\t\t<div class=\"quickview\">\n\t\t\t\t\t\t\t\t\t\t\t\t\t\t\t\t\t\t\t\t\t<button class=\"button-quickview\" type=\"button\"  title=\"\" onclick=\"ptquickview.ajaxView('https:\/\/librariasapientia.ro\/istoria-bisericii\/istoria-catolicilor-din-sabaoani')\"><span><\/span><\/button>\n\t\t\t\t\t\t\t\t\t\t\t\t\t\t\t\t\t\t\t<\/div>\n\t\t\t\t\t\t\t\t\t\n\t\t\t\t\t\t\t\t<\/div>\n\t\t\t\t\t\t\t<\/div>\n\t\t\t\t\t\t\t\t\t\t\t\t\n\t\t\t\t\t\t<div class=\"caption\">\n\t\t\t\t\t\t\t<div class=\"inner\">\n\t\t\t\t\t\t\t\t\n\t\t\t\t\t\t\t\t\n\t\t\t\t\t\t\t\t\t\t\t\t\t\t\t\t\n\t\t\t\t\t\t\t\t<h4><a href=\"https:\/\/librariasapientia.ro\/istoria-bisericii\/istoria-catolicilor-din-sabaoani\">Istoria catolicilor din S\u0103b\u0103oani<\/a><\/h4>\n\t\t\t\t\t\t\t\t\t\t\t\t\t\t\t\t<div>\n\t\t\t\t\t\t\t\t\t\t\t\t\t\t\t\t\t<p class=\"price\"> \t\t\t\t\t\t\t\t\t\t\t25,00 Lei\n\t\t\t\t\t\t\t\t\t\t\t\t\t\t\t\t\t\t\t\t <\/p>\n\t\t\t\t\t\t\t\t\t\t\t\t\t\t\t\t\t\t\t\t\t\t\t\t\t<div class=\"box-label\">\n\t\t\t\t\t\t\t\t\t\t\t\t\t\t\t\t\t\t\t\t\t\t\t\t\t\t\t\t\t<\/div>\n\t\t\t\t\t\t\t\t\t\t\t\t\t\t\t\t<\/div>\n\t\t\t\t\t\t\t\t\t\t\t\t\t\t\t\t\t<p class=\"product-description\">Fabian Dobo\u015f, Daniela Butnaru, Lumini\u0163a Boto\u015fineanu, Anton Co\u015fa, D\u0103nu\u0163 Dobo\u015f, Iulian Gherc\u0103 Munteanu, C\u0103t\u0103lin-George Fedor, Istoria catolicilor din S\u0103b\u0103oani, Ia\u0219i 2018, 270 p., 17\u00d7..<\/p>\n\t\t\t\t\t\t\t\t\t\t\t\t\t\t\t\t\t\t\t\t\t\t\t\t\t<div class=\"button-group\">\n\t\t\t\t\t\t\t\t\t\t<div class=\"inner\">\n\t\t\t\t\t\t\t\t\t\t\t\t\t\t\t\t\t\t\t\t\t\t\t<button type=\"button\" class=\"button-cart\"  title=\"Adaug\u0103 \u00een Co\u0219\" onclick=\"cart.add('2863', '1');\"><span>Adaug\u0103 \u00een Co\u0219<\/span><\/button>\n\t\t\t\t\t\t\t\t\t\t\t\t\t\t\t\t\t\t\t\t\t\t\t\t\t\t\t\t\t\t\t\t\t\t<button type=\"button\" class=\"button-wishlist\"  title=\"Adaug\u0103 la Favorite\" onclick=\"wishlist.add('2863');\"><span>Adaug\u0103 la Favorite<\/span><\/button>\n\t\t\t\t\t\t\t\t\t\t\t\t\t\t\t\t\t\t\t\t\t\t\t\t\t\t\t\t\t\t\t\t\t\t<button type=\"button\" class=\"button-compare\"  title=\"Compar\u0103 acest Produs\" onclick=\"compare.add('2863');\"><span>Compar\u0103 acest Produs<\/span><\/button>\n\t\t\t\t\t\t\t\t\t\t\t\t\t\t\t\t\t\t\t\t\t\t\n\t\t\t\t\t\t\t\t\t\t<\/div>\n\t\t\t\t\t\t\t\t\t<\/div>\n\t\t\t\t\t\t\t\t\t\t\t\t\t\t\t<\/div>\n\t\t\t\t\t\t\t\n\t\t\t\t\t\t<\/div>\n\t\t\t\t\t\t\n\t\t\t\t\t<\/div>\n\t\t\t\t<\/div>\n\t\t\t<\/div>\n\t\t\t\t\t<div class=\"product-layout product-list col-xs-12 product-items\">\n\t\t\t\t<div class=\"product-thumb\">\n\t\t\t\t\t<div class=\"product-item\">\t\t\t\t\n\t\t\t\t\t\t\t\t\t\t\t\t\t<div class=\"image rotate-image-container\">\n\t\t\t\t\t\t\t\t<div class=\"inner\">\n\t\t\t\t\t\t\t\t\t\n\t\t\t\t\t\t\t\t\t<a href=\"https:\/\/librariasapientia.ro\/istoria-bisericii\/istoria-crestinismului-la-romani-si-a-catolicismului-in-moldova\">\n\t\t\t\t\t\t\t\t\t\t<img src=\"https:\/\/librariasapientia.ro\/image\/cache\/catalog\/i\/n\/instoria-crestinismului-la-romani-si-a-catolicismului-in-moldova-600x600.jpg\" alt=\"Istoria crestinismului la rom\u00e2ni si a catolicismului \u00een Moldova\" title=\"Istoria crestinismului la rom\u00e2ni si a catolicismului \u00een Moldova\" class=\"img-responsive img-default-image\" \/>\n\t\t\t\t\t\t\t\t\t\t\t\t\t\t\t\t\t\t\t<\/a>\n\t\t\t\t\t\t\t\t\t<div class=\"quickview\">\n\t\t\t\t\t\t\t\t\t\t\t\t\t\t\t\t\t\t\t\t\t<button class=\"button-quickview\" type=\"button\"  title=\"\" onclick=\"ptquickview.ajaxView('https:\/\/librariasapientia.ro\/istoria-bisericii\/istoria-crestinismului-la-romani-si-a-catolicismului-in-moldova')\"><span><\/span><\/button>\n\t\t\t\t\t\t\t\t\t\t\t\t\t\t\t\t\t\t\t<\/div>\n\t\t\t\t\t\t\t\t\t\n\t\t\t\t\t\t\t\t<\/div>\n\t\t\t\t\t\t\t<\/div>\n\t\t\t\t\t\t\t\t\t\t\t\t\n\t\t\t\t\t\t<div class=\"caption\">\n\t\t\t\t\t\t\t<div class=\"inner\">\n\t\t\t\t\t\t\t\t\n\t\t\t\t\t\t\t\t\n\t\t\t\t\t\t\t\t\t\t\t\t\t\t\t\t\n\t\t\t\t\t\t\t\t<h4><a href=\"https:\/\/librariasapientia.ro\/istoria-bisericii\/istoria-crestinismului-la-romani-si-a-catolicismului-in-moldova\">Istoria crestinismului la rom\u00e2ni si a catolicismului \u00een Moldova<\/a><\/h4>\n\t\t\t\t\t\t\t\t\t\t\t\t\t\t\t\t<div>\n\t\t\t\t\t\t\t\t\t\t\t\t\t\t\t\t\t<p class=\"price\"> \t\t\t\t\t\t\t\t\t\t\t35,00 Lei\n\t\t\t\t\t\t\t\t\t\t\t\t\t\t\t\t\t\t\t\t <\/p>\n\t\t\t\t\t\t\t\t\t\t\t\t\t\t\t\t\t\t\t\t\t\t\t\t\t<div class=\"box-label\">\n\t\t\t\t\t\t\t\t\t\t\t\t\t\t\t\t\t\t\t\t\t\t\t\t\t\t\t\t\t<\/div>\n\t\t\t\t\t\t\t\t\t\t\t\t\t\t\t\t<\/div>\n\t\t\t\t\t\t\t\t\t\t\t\t\t\t\t\t\t<p class=\"product-description\">\u00a0\u00a0 Regiunea cuprinsa \u00eentre cele trei ape \u2013 Dunare, Tisa si Nistru \u2013 a fost locuita, \u00eenca \u00eenainte de \u00eenceputul erei crestine, de catre populatia daco-getilor si apoi, dupa cucerirea..<\/p>\n\t\t\t\t\t\t\t\t\t\t\t\t\t\t\t\t\t\t\t\t\t\t\t\t\t<div class=\"button-group\">\n\t\t\t\t\t\t\t\t\t\t<div class=\"inner\">\n\t\t\t\t\t\t\t\t\t\t\t\t\t\t\t\t\t\t\t\t\t\t\t<button type=\"button\" class=\"button-cart\"  title=\"Adaug\u0103 \u00een Co\u0219\" onclick=\"cart.add('2223', '1');\"><span>Adaug\u0103 \u00een Co\u0219<\/span><\/button>\n\t\t\t\t\t\t\t\t\t\t\t\t\t\t\t\t\t\t\t\t\t\t\t\t\t\t\t\t\t\t\t\t\t\t<button type=\"button\" class=\"button-wishlist\"  title=\"Adaug\u0103 la Favorite\" onclick=\"wishlist.add('2223');\"><span>Adaug\u0103 la Favorite<\/span><\/button>\n\t\t\t\t\t\t\t\t\t\t\t\t\t\t\t\t\t\t\t\t\t\t\t\t\t\t\t\t\t\t\t\t\t\t<button type=\"button\" class=\"button-compare\"  title=\"Compar\u0103 acest Produs\" onclick=\"compare.add('2223');\"><span>Compar\u0103 acest Produs<\/span><\/button>\n\t\t\t\t\t\t\t\t\t\t\t\t\t\t\t\t\t\t\t\t\t\t\n\t\t\t\t\t\t\t\t\t\t<\/div>\n\t\t\t\t\t\t\t\t\t<\/div>\n\t\t\t\t\t\t\t\t\t\t\t\t\t\t\t<\/div>\n\t\t\t\t\t\t\t\n\t\t\t\t\t\t<\/div>\n\t\t\t\t\t\t\n\t\t\t\t\t<\/div>\n\t\t\t\t<\/div>\n\t\t\t<\/div>\n\t\t\t\t\t<div class=\"product-layout product-list col-xs-12 product-items\">\n\t\t\t\t<div class=\"product-thumb\">\n\t\t\t\t\t<div class=\"product-item\">\t\t\t\t\n\t\t\t\t\t\t\t\t\t\t\t\t\t<div class=\"image rotate-image-container\">\n\t\t\t\t\t\t\t\t<div class=\"inner\">\n\t\t\t\t\t\t\t\t\t\n\t\t\t\t\t\t\t\t\t<a href=\"https:\/\/librariasapientia.ro\/istoria-bisericii\/istoria-diecezei-de-tyraspol\">\n\t\t\t\t\t\t\t\t\t\t<img src=\"https:\/\/librariasapientia.ro\/image\/cache\/catalog\/s\/a\/sap1858_istoria-diecezei-de-tiraspol-600x600.jpg\" alt=\"Istoria Diecezei de Tyraspol\" title=\"Istoria Diecezei de Tyraspol\" class=\"img-responsive img-default-image\" \/>\n\t\t\t\t\t\t\t\t\t\t\t\t\t\t\t\t\t\t\t<\/a>\n\t\t\t\t\t\t\t\t\t<div class=\"quickview\">\n\t\t\t\t\t\t\t\t\t\t\t\t\t\t\t\t\t\t\t\t\t<button class=\"button-quickview\" type=\"button\"  title=\"\" onclick=\"ptquickview.ajaxView('https:\/\/librariasapientia.ro\/istoria-bisericii\/istoria-diecezei-de-tyraspol')\"><span><\/span><\/button>\n\t\t\t\t\t\t\t\t\t\t\t\t\t\t\t\t\t\t\t<\/div>\n\t\t\t\t\t\t\t\t\t\n\t\t\t\t\t\t\t\t<\/div>\n\t\t\t\t\t\t\t<\/div>\n\t\t\t\t\t\t\t\t\t\t\t\t\n\t\t\t\t\t\t<div class=\"caption\">\n\t\t\t\t\t\t\t<div class=\"inner\">\n\t\t\t\t\t\t\t\t\n\t\t\t\t\t\t\t\t\n\t\t\t\t\t\t\t\t\t\t\t\t\t\t\t\t\n\t\t\t\t\t\t\t\t<h4><a href=\"https:\/\/librariasapientia.ro\/istoria-bisericii\/istoria-diecezei-de-tyraspol\">Istoria Diecezei de Tyraspol<\/a><\/h4>\n\t\t\t\t\t\t\t\t\t\t\t\t\t\t\t\t<div>\n\t\t\t\t\t\t\t\t\t\t\t\t\t\t\t\t\t<p class=\"price\"> \t\t\t\t\t\t\t\t\t\t\t40,00 Lei\n\t\t\t\t\t\t\t\t\t\t\t\t\t\t\t\t\t\t\t\t <\/p>\n\t\t\t\t\t\t\t\t\t\t\t\t\t\t\t\t\t\t\t\t\t\t\t\t\t<div class=\"box-label\">\n\t\t\t\t\t\t\t\t\t\t\t\t\t\t\t\t\t\t\t\t\t\t\t\t\t\t\t\t\t<\/div>\n\t\t\t\t\t\t\t\t\t\t\t\t\t\t\t\t<\/div>\n\t\t\t\t\t\t\t\t\t\t\t\t\t\t\t\t\t<p class=\"product-description\">La Editura \u201eSapientia\u201d a ap\u0103rut recent cartea:\u00a0Istoria Diecezei de Tyraspol, scris\u0103 de PS Joseph Aloysius Kessler \u0219i tradus\u0103 \u00een limba rom\u00e2n\u0103 de pr. \u0218tefan Socaciu. Edi\u021bia \u00een limba ..<\/p>\n\t\t\t\t\t\t\t\t\t\t\t\t\t\t\t\t\t\t\t\t\t\t\t\t\t<div class=\"button-group\">\n\t\t\t\t\t\t\t\t\t\t<div class=\"inner\">\n\t\t\t\t\t\t\t\t\t\t\t\t\t\t\t\t\t\t\t\t\t\t\t<button type=\"button\" class=\"button-cart\"  title=\"Adaug\u0103 \u00een Co\u0219\" onclick=\"cart.add('3007', '1');\"><span>Adaug\u0103 \u00een Co\u0219<\/span><\/button>\n\t\t\t\t\t\t\t\t\t\t\t\t\t\t\t\t\t\t\t\t\t\t\t\t\t\t\t\t\t\t\t\t\t\t<button type=\"button\" class=\"button-wishlist\"  title=\"Adaug\u0103 la Favorite\" onclick=\"wishlist.add('3007');\"><span>Adaug\u0103 la Favorite<\/span><\/button>\n\t\t\t\t\t\t\t\t\t\t\t\t\t\t\t\t\t\t\t\t\t\t\t\t\t\t\t\t\t\t\t\t\t\t<button type=\"button\" class=\"button-compare\"  title=\"Compar\u0103 acest Produs\" onclick=\"compare.add('3007');\"><span>Compar\u0103 acest Produs<\/span><\/button>\n\t\t\t\t\t\t\t\t\t\t\t\t\t\t\t\t\t\t\t\t\t\t\n\t\t\t\t\t\t\t\t\t\t<\/div>\n\t\t\t\t\t\t\t\t\t<\/div>\n\t\t\t\t\t\t\t\t\t\t\t\t\t\t\t<\/div>\n\t\t\t\t\t\t\t\n\t\t\t\t\t\t<\/div>\n\t\t\t\t\t\t\n\t\t\t\t\t<\/div>\n\t\t\t\t<\/div>\n\t\t\t<\/div>\n\t\t\t\t\t<div class=\"product-layout product-list col-xs-12 product-items\">\n\t\t\t\t<div class=\"product-thumb\">\n\t\t\t\t\t<div class=\"product-item\">\t\t\t\t\n\t\t\t\t\t\t\t\t\t\t\t\t\t<div class=\"image rotate-image-container\">\n\t\t\t\t\t\t\t\t<div class=\"inner\">\n\t\t\t\t\t\t\t\t\t\n\t\t\t\t\t\t\t\t\t<a href=\"https:\/\/librariasapientia.ro\/istoria-bisericii\/istoria-doctrinei-sociale-a-bisericii-1891-2009\">\n\t\t\t\t\t\t\t\t\t\t<img src=\"https:\/\/librariasapientia.ro\/image\/cache\/catalog\/s\/a\/sap1558_istoria-doctrinei-sociale-600x600.jpg\" alt=\"Istoria doctrinei sociale a Bisericii (1891-2009)\" title=\"Istoria doctrinei sociale a Bisericii (1891-2009)\" class=\"img-responsive img-default-image\" \/>\n\t\t\t\t\t\t\t\t\t\t\t\t\t\t\t\t\t\t\t<\/a>\n\t\t\t\t\t\t\t\t\t<div class=\"quickview\">\n\t\t\t\t\t\t\t\t\t\t\t\t\t\t\t\t\t\t\t\t\t<button class=\"button-quickview\" type=\"button\"  title=\"\" onclick=\"ptquickview.ajaxView('https:\/\/librariasapientia.ro\/istoria-bisericii\/istoria-doctrinei-sociale-a-bisericii-1891-2009')\"><span><\/span><\/button>\n\t\t\t\t\t\t\t\t\t\t\t\t\t\t\t\t\t\t\t<\/div>\n\t\t\t\t\t\t\t\t\t\n\t\t\t\t\t\t\t\t<\/div>\n\t\t\t\t\t\t\t<\/div>\n\t\t\t\t\t\t\t\t\t\t\t\t\n\t\t\t\t\t\t<div class=\"caption\">\n\t\t\t\t\t\t\t<div class=\"inner\">\n\t\t\t\t\t\t\t\t\n\t\t\t\t\t\t\t\t\n\t\t\t\t\t\t\t\t\t\t\t\t\t\t\t\t\n\t\t\t\t\t\t\t\t<h4><a href=\"https:\/\/librariasapientia.ro\/istoria-bisericii\/istoria-doctrinei-sociale-a-bisericii-1891-2009\">Istoria doctrinei sociale a Bisericii (1891-2009)<\/a><\/h4>\n\t\t\t\t\t\t\t\t\t\t\t\t\t\t\t\t<div>\n\t\t\t\t\t\t\t\t\t\t\t\t\t\t\t\t\t<p class=\"price\"> \t\t\t\t\t\t\t\t\t\t\t15,00 Lei\n\t\t\t\t\t\t\t\t\t\t\t\t\t\t\t\t\t\t\t\t <\/p>\n\t\t\t\t\t\t\t\t\t\t\t\t\t\t\t\t\t\t\t\t\t\t\t\t\t<div class=\"box-label\">\n\t\t\t\t\t\t\t\t\t\t\t\t\t\t\t\t\t\t\t\t\t\t\t\t\t\t\t\t\t<\/div>\n\t\t\t\t\t\t\t\t\t\t\t\t\t\t\t\t<\/div>\n\t\t\t\t\t\t\t\t\t\t\t\t\t\t\t\t\t<p class=\"product-description\">La Editura \u201eSapientia\u201d a ap\u0103rut recent cartea Istoria doctrinei sociale a Bisericii (1891-2009), scris\u0103 de pr. dr. Emil Dumea. Cartea apare \u00een colec\u021bia \u201eIstoria Bisericii\u201d, formatu..<\/p>\n\t\t\t\t\t\t\t\t\t\t\t\t\t\t\t\t\t\t\t\t\t\t\t\t\t<div class=\"button-group\">\n\t\t\t\t\t\t\t\t\t\t<div class=\"inner\">\n\t\t\t\t\t\t\t\t\t\t\t\t\t\t\t\t\t\t\t\t\t\t\t<button type=\"button\" class=\"button-cart\"  title=\"Adaug\u0103 \u00een Co\u0219\" onclick=\"cart.add('2622', '1');\"><span>Adaug\u0103 \u00een Co\u0219<\/span><\/button>\n\t\t\t\t\t\t\t\t\t\t\t\t\t\t\t\t\t\t\t\t\t\t\t\t\t\t\t\t\t\t\t\t\t\t<button type=\"button\" class=\"button-wishlist\"  title=\"Adaug\u0103 la Favorite\" onclick=\"wishlist.add('2622');\"><span>Adaug\u0103 la Favorite<\/span><\/button>\n\t\t\t\t\t\t\t\t\t\t\t\t\t\t\t\t\t\t\t\t\t\t\t\t\t\t\t\t\t\t\t\t\t\t<button type=\"button\" class=\"button-compare\"  title=\"Compar\u0103 acest Produs\" onclick=\"compare.add('2622');\"><span>Compar\u0103 acest Produs<\/span><\/button>\n\t\t\t\t\t\t\t\t\t\t\t\t\t\t\t\t\t\t\t\t\t\t\n\t\t\t\t\t\t\t\t\t\t<\/div>\n\t\t\t\t\t\t\t\t\t<\/div>\n\t\t\t\t\t\t\t\t\t\t\t\t\t\t\t<\/div>\n\t\t\t\t\t\t\t\n\t\t\t\t\t\t<\/div>\n\t\t\t\t\t\t\n\t\t\t\t\t<\/div>\n\t\t\t\t<\/div>\n\t\t\t<\/div>\n\t\t\t\t\t<div class=\"product-layout product-list col-xs-12 product-items\">\n\t\t\t\t<div class=\"product-thumb\">\n\t\t\t\t\t<div class=\"product-item\">\t\t\t\t\n\t\t\t\t\t\t\t\t\t\t\t\t\t<div class=\"image rotate-image-container\">\n\t\t\t\t\t\t\t\t<div class=\"inner\">\n\t\t\t\t\t\t\t\t\t\n\t\t\t\t\t\t\t\t\t<a href=\"https:\/\/librariasapientia.ro\/istoria-bisericii\/isus-din-nazaret-arheologi-pe-urmele-mantuitorului\">\n\t\t\t\t\t\t\t\t\t\t<img src=\"https:\/\/librariasapientia.ro\/image\/cache\/catalog\/s\/a\/sap1843_isus-din-nazaret-600x600.jpg\" alt=\"Isus din Nazaret. Arheologi pe urmele M\u00e2ntuitorului\" title=\"Isus din Nazaret. Arheologi pe urmele M\u00e2ntuitorului\" class=\"img-responsive img-default-image\" \/>\n\t\t\t\t\t\t\t\t\t\t\t\t\t\t\t\t\t\t\t<\/a>\n\t\t\t\t\t\t\t\t\t<div class=\"quickview\">\n\t\t\t\t\t\t\t\t\t\t\t\t\t\t\t\t\t\t\t\t\t<button class=\"button-quickview\" type=\"button\"  title=\"\" onclick=\"ptquickview.ajaxView('https:\/\/librariasapientia.ro\/istoria-bisericii\/isus-din-nazaret-arheologi-pe-urmele-mantuitorului')\"><span><\/span><\/button>\n\t\t\t\t\t\t\t\t\t\t\t\t\t\t\t\t\t\t\t<\/div>\n\t\t\t\t\t\t\t\t\t\n\t\t\t\t\t\t\t\t<\/div>\n\t\t\t\t\t\t\t<\/div>\n\t\t\t\t\t\t\t\t\t\t\t\t\n\t\t\t\t\t\t<div class=\"caption\">\n\t\t\t\t\t\t\t<div class=\"inner\">\n\t\t\t\t\t\t\t\t\n\t\t\t\t\t\t\t\t\n\t\t\t\t\t\t\t\t\t\t\t\t\t\t\t\t\n\t\t\t\t\t\t\t\t<h4><a href=\"https:\/\/librariasapientia.ro\/istoria-bisericii\/isus-din-nazaret-arheologi-pe-urmele-mantuitorului\">Isus din Nazaret. Arheologi pe urmele M\u00e2ntuitorului<\/a><\/h4>\n\t\t\t\t\t\t\t\t\t\t\t\t\t\t\t\t<div>\n\t\t\t\t\t\t\t\t\t\t\t\t\t\t\t\t\t<p class=\"price\"> \t\t\t\t\t\t\t\t\t\t\t40,00 Lei\n\t\t\t\t\t\t\t\t\t\t\t\t\t\t\t\t\t\t\t\t <\/p>\n\t\t\t\t\t\t\t\t\t\t\t\t\t\t\t\t\t\t\t\t\t\t\t\t\t<div class=\"box-label\">\n\t\t\t\t\t\t\t\t\t\t\t\t\t\t\t\t\t\t\t\t\t\t\t\t\t\t\t\t\t<\/div>\n\t\t\t\t\t\t\t\t\t\t\t\t\t\t\t\t<\/div>\n\t\t\t\t\t\t\t\t\t\t\t\t\t\t\t\t\t<p class=\"product-description\">La Editura \u201eSapientia\u201d a ap\u0103rut recent\u00a0cartea:\u00a0Isus din Nazaret. Arheologi pe urmele M\u00e2ntuitorului, scris\u0103 de Michael Hesemann \u0219i tradus\u0103 \u00een limba rom\u00e2n\u0103 de pr. Liviu Narcis Matie\u0219..<\/p>\n\t\t\t\t\t\t\t\t\t\t\t\t\t\t\t\t\t\t\t\t\t\t\t\t\t<div class=\"button-group\">\n\t\t\t\t\t\t\t\t\t\t<div class=\"inner\">\n\t\t\t\t\t\t\t\t\t\t\t\t\t\t\t\t\t\t\t\t\t\t\t<button type=\"button\" class=\"button-cart\"  title=\"Adaug\u0103 \u00een Co\u0219\" onclick=\"cart.add('2997', '1');\"><span>Adaug\u0103 \u00een Co\u0219<\/span><\/button>\n\t\t\t\t\t\t\t\t\t\t\t\t\t\t\t\t\t\t\t\t\t\t\t\t\t\t\t\t\t\t\t\t\t\t<button type=\"button\" class=\"button-wishlist\"  title=\"Adaug\u0103 la Favorite\" onclick=\"wishlist.add('2997');\"><span>Adaug\u0103 la Favorite<\/span><\/button>\n\t\t\t\t\t\t\t\t\t\t\t\t\t\t\t\t\t\t\t\t\t\t\t\t\t\t\t\t\t\t\t\t\t\t<button type=\"button\" class=\"button-compare\"  title=\"Compar\u0103 acest Produs\" onclick=\"compare.add('2997');\"><span>Compar\u0103 acest Produs<\/span><\/button>\n\t\t\t\t\t\t\t\t\t\t\t\t\t\t\t\t\t\t\t\t\t\t\n\t\t\t\t\t\t\t\t\t\t<\/div>\n\t\t\t\t\t\t\t\t\t<\/div>\n\t\t\t\t\t\t\t\t\t\t\t\t\t\t\t<\/div>\n\t\t\t\t\t\t\t\n\t\t\t\t\t\t<\/div>\n\t\t\t\t\t\t\n\t\t\t\t\t<\/div>\n\t\t\t\t<\/div>\n\t\t\t<\/div>\n\t\t\t\t\t<div class=\"product-layout product-list col-xs-12 product-items\">\n\t\t\t\t<div class=\"product-thumb\">\n\t\t\t\t\t<div class=\"product-item\">\t\t\t\t\n\t\t\t\t\t\t\t\t\t\t\t\t\t<div class=\"image rotate-image-container\">\n\t\t\t\t\t\t\t\t<div class=\"inner\">\n\t\t\t\t\t\t\t\t\t\n\t\t\t\t\t\t\t\t\t<a href=\"https:\/\/librariasapientia.ro\/istoria-bisericii\/jurnal-de-calatorie-in-america-latina\">\n\t\t\t\t\t\t\t\t\t\t<img src=\"https:\/\/librariasapientia.ro\/image\/cache\/catalog\/j\/u\/jurnal-de-calatorie-in-america-latina-emil-dumea-600x600.jpg\" alt=\"Jurnal de c\u0103l\u0103torie \u00een America Latin\u0103\" title=\"Jurnal de c\u0103l\u0103torie \u00een America Latin\u0103\" class=\"img-responsive img-default-image\" \/>\n\t\t\t\t\t\t\t\t\t\t\t\t\t\t\t\t\t\t\t<\/a>\n\t\t\t\t\t\t\t\t\t<div class=\"quickview\">\n\t\t\t\t\t\t\t\t\t\t\t\t\t\t\t\t\t\t\t\t\t<button class=\"button-quickview\" type=\"button\"  title=\"\" onclick=\"ptquickview.ajaxView('https:\/\/librariasapientia.ro\/istoria-bisericii\/jurnal-de-calatorie-in-america-latina')\"><span><\/span><\/button>\n\t\t\t\t\t\t\t\t\t\t\t\t\t\t\t\t\t\t\t<\/div>\n\t\t\t\t\t\t\t\t\t\n\t\t\t\t\t\t\t\t<\/div>\n\t\t\t\t\t\t\t<\/div>\n\t\t\t\t\t\t\t\t\t\t\t\t\n\t\t\t\t\t\t<div class=\"caption\">\n\t\t\t\t\t\t\t<div class=\"inner\">\n\t\t\t\t\t\t\t\t\n\t\t\t\t\t\t\t\t\n\t\t\t\t\t\t\t\t\t\t\t\t\t\t\t\t\n\t\t\t\t\t\t\t\t<h4><a href=\"https:\/\/librariasapientia.ro\/istoria-bisericii\/jurnal-de-calatorie-in-america-latina\">Jurnal de c\u0103l\u0103torie \u00een America Latin\u0103<\/a><\/h4>\n\t\t\t\t\t\t\t\t\t\t\t\t\t\t\t\t<div>\n\t\t\t\t\t\t\t\t\t\t\t\t\t\t\t\t\t<p class=\"price\"> \t\t\t\t\t\t\t\t\t\t\t14,00 Lei\n\t\t\t\t\t\t\t\t\t\t\t\t\t\t\t\t\t\t\t\t <\/p>\n\t\t\t\t\t\t\t\t\t\t\t\t\t\t\t\t\t\t\t\t\t\t\t\t\t<div class=\"box-label\">\n\t\t\t\t\t\t\t\t\t\t\t\t\t\t\t\t\t\t\t\t\t\t\t\t\t\t\t\t\t<\/div>\n\t\t\t\t\t\t\t\t\t\t\t\t\t\t\t\t<\/div>\n\t\t\t\t\t\t\t\t\t\t\t\t\t\t\t\t\t<p class=\"product-description\">\u00a0\u00a0 America Latin\u0103 poate fi considerat\u0103 actualmente un rezervor al catolicismului \u015fi un continent al speran\u0163ei. \u00cen momentul \u00een care Papa Francisc, primul Suveran Pontif non-european..<\/p>\n\t\t\t\t\t\t\t\t\t\t\t\t\t\t\t\t\t\t\t\t\t\t\t\t\t<div class=\"button-group\">\n\t\t\t\t\t\t\t\t\t\t<div class=\"inner\">\n\t\t\t\t\t\t\t\t\t\t\t\t\t\t\t\t\t\t\t\t\t\t\t<button type=\"button\" class=\"button-cart\"  title=\"Adaug\u0103 \u00een Co\u0219\" onclick=\"cart.add('2233', '1');\"><span>Adaug\u0103 \u00een Co\u0219<\/span><\/button>\n\t\t\t\t\t\t\t\t\t\t\t\t\t\t\t\t\t\t\t\t\t\t\t\t\t\t\t\t\t\t\t\t\t\t<button type=\"button\" class=\"button-wishlist\"  title=\"Adaug\u0103 la Favorite\" onclick=\"wishlist.add('2233');\"><span>Adaug\u0103 la Favorite<\/span><\/button>\n\t\t\t\t\t\t\t\t\t\t\t\t\t\t\t\t\t\t\t\t\t\t\t\t\t\t\t\t\t\t\t\t\t\t<button type=\"button\" class=\"button-compare\"  title=\"Compar\u0103 acest Produs\" onclick=\"compare.add('2233');\"><span>Compar\u0103 acest Produs<\/span><\/button>\n\t\t\t\t\t\t\t\t\t\t\t\t\t\t\t\t\t\t\t\t\t\t\n\t\t\t\t\t\t\t\t\t\t<\/div>\n\t\t\t\t\t\t\t\t\t<\/div>\n\t\t\t\t\t\t\t\t\t\t\t\t\t\t\t<\/div>\n\t\t\t\t\t\t\t\n\t\t\t\t\t\t<\/div>\n\t\t\t\t\t\t\n\t\t\t\t\t<\/div>\n\t\t\t\t<\/div>\n\t\t\t<\/div>\n\t\t\t\t\t<div class=\"product-layout product-list col-xs-12 product-items\">\n\t\t\t\t<div class=\"product-thumb\">\n\t\t\t\t\t<div class=\"product-item\">\t\t\t\t\n\t\t\t\t\t\t\t\t\t\t\t\t\t<div class=\"image rotate-image-container\">\n\t\t\t\t\t\t\t\t<div class=\"inner\">\n\t\t\t\t\t\t\t\t\t\n\t\t\t\t\t\t\t\t\t<a href=\"https:\/\/librariasapientia.ro\/istoria-bisericii\/la-chiesa-latina-nella-moldavia-romania-nel-xix-secolo\">\n\t\t\t\t\t\t\t\t\t\t<img src=\"https:\/\/librariasapientia.ro\/image\/cache\/catalog\/i\/m\/imagehandler.ashx_19-600x600.jpg\" alt=\"La Chiesa latina nella Moldavia-Romania nel XIX secolo\" title=\"La Chiesa latina nella Moldavia-Romania nel XIX secolo\" class=\"img-responsive img-default-image\" \/>\n\t\t\t\t\t\t\t\t\t\t\t\t\t\t\t\t\t\t\t<\/a>\n\t\t\t\t\t\t\t\t\t<div class=\"quickview\">\n\t\t\t\t\t\t\t\t\t\t\t\t\t\t\t\t\t\t\t\t\t<button class=\"button-quickview\" type=\"button\"  title=\"\" onclick=\"ptquickview.ajaxView('https:\/\/librariasapientia.ro\/istoria-bisericii\/la-chiesa-latina-nella-moldavia-romania-nel-xix-secolo')\"><span><\/span><\/button>\n\t\t\t\t\t\t\t\t\t\t\t\t\t\t\t\t\t\t\t<\/div>\n\t\t\t\t\t\t\t\t\t\n\t\t\t\t\t\t\t\t<\/div>\n\t\t\t\t\t\t\t<\/div>\n\t\t\t\t\t\t\t\t\t\t\t\t\n\t\t\t\t\t\t<div class=\"caption\">\n\t\t\t\t\t\t\t<div class=\"inner\">\n\t\t\t\t\t\t\t\t\n\t\t\t\t\t\t\t\t\n\t\t\t\t\t\t\t\t\t\t\t\t\t\t\t\t\n\t\t\t\t\t\t\t\t<h4><a href=\"https:\/\/librariasapientia.ro\/istoria-bisericii\/la-chiesa-latina-nella-moldavia-romania-nel-xix-secolo\">La Chiesa latina nella Moldavia-Romania nel XIX secolo<\/a><\/h4>\n\t\t\t\t\t\t\t\t\t\t\t\t\t\t\t\t<div>\n\t\t\t\t\t\t\t\t\t\t\t\t\t\t\t\t\t<p class=\"price\"> \t\t\t\t\t\t\t\t\t\t\t15,00 Lei\n\t\t\t\t\t\t\t\t\t\t\t\t\t\t\t\t\t\t\t\t <\/p>\n\t\t\t\t\t\t\t\t\t\t\t\t\t\t\t\t\t\t\t\t\t\t\t\t\t<div class=\"box-label\">\n\t\t\t\t\t\t\t\t\t\t\t\t\t\t\t\t\t\t\t\t\t\t\t\t\t\t\t\t\t<\/div>\n\t\t\t\t\t\t\t\t\t\t\t\t\t\t\t\t<\/div>\n\t\t\t\t\t\t\t\t\t\t\t\t\t\t\t\t\t<p class=\"product-description\">La Editura \u201eSapientia\u201d a ap\u0103rut recent cartea La Chiesa latina nella Moldavia-Romania nel XIXo secolo (Biserica latin\u0103 \u00een Moldova-Rom\u00e2nia \u00een secolul al XIX-lea), scris\u0103 de pr. dr. ..<\/p>\n\t\t\t\t\t\t\t\t\t\t\t\t\t\t\t\t\t\t\t\t\t\t\t\t\t<div class=\"button-group\">\n\t\t\t\t\t\t\t\t\t\t<div class=\"inner\">\n\t\t\t\t\t\t\t\t\t\t\t\t\t\t\t\t\t\t\t\t\t\t\t<button type=\"button\" class=\"button-cart\"  title=\"Adaug\u0103 \u00een Co\u0219\" onclick=\"cart.add('2679', '1');\"><span>Adaug\u0103 \u00een Co\u0219<\/span><\/button>\n\t\t\t\t\t\t\t\t\t\t\t\t\t\t\t\t\t\t\t\t\t\t\t\t\t\t\t\t\t\t\t\t\t\t<button type=\"button\" class=\"button-wishlist\"  title=\"Adaug\u0103 la Favorite\" onclick=\"wishlist.add('2679');\"><span>Adaug\u0103 la Favorite<\/span><\/button>\n\t\t\t\t\t\t\t\t\t\t\t\t\t\t\t\t\t\t\t\t\t\t\t\t\t\t\t\t\t\t\t\t\t\t<button type=\"button\" class=\"button-compare\"  title=\"Compar\u0103 acest Produs\" onclick=\"compare.add('2679');\"><span>Compar\u0103 acest Produs<\/span><\/button>\n\t\t\t\t\t\t\t\t\t\t\t\t\t\t\t\t\t\t\t\t\t\t\n\t\t\t\t\t\t\t\t\t\t<\/div>\n\t\t\t\t\t\t\t\t\t<\/div>\n\t\t\t\t\t\t\t\t\t\t\t\t\t\t\t<\/div>\n\t\t\t\t\t\t\t\n\t\t\t\t\t\t<\/div>\n\t\t\t\t\t\t\n\t\t\t\t\t<\/div>\n\t\t\t\t<\/div>\n\t\t\t<\/div>\n\t\t\t\t\t<div class=\"product-layout product-list col-xs-12 product-items\">\n\t\t\t\t<div class=\"product-thumb\">\n\t\t\t\t\t<div class=\"product-item\">\t\t\t\t\n\t\t\t\t\t\t\t\t\t\t\t\t\t<div class=\"image rotate-image-container\">\n\t\t\t\t\t\t\t\t<div class=\"inner\">\n\t\t\t\t\t\t\t\t\t\n\t\t\t\t\t\t\t\t\t<a href=\"https:\/\/librariasapientia.ro\/istoria-bisericii\/les-catholique-de-moldavie-histoire-d%e2%80%99une-minorite-religieuse-de-roumanie\">\n\t\t\t\t\t\t\t\t\t\t<img src=\"https:\/\/librariasapientia.ro\/image\/cache\/catalog\/l\/e\/les-catholiques-de-moldavie-histoire-d-une-minorite-religieuse-de-roumanie-600x600.jpg\" alt=\"Les catholique de Moldavie. Histoire d\u2019une minorite religieuse de Roumanie \" title=\"Les catholique de Moldavie. Histoire d\u2019une minorite religieuse de Roumanie \" class=\"img-responsive img-default-image\" \/>\n\t\t\t\t\t\t\t\t\t\t\t\t\t\t\t\t\t\t\t<\/a>\n\t\t\t\t\t\t\t\t\t<div class=\"quickview\">\n\t\t\t\t\t\t\t\t\t\t\t\t\t\t\t\t\t\t\t\t\t<button class=\"button-quickview\" type=\"button\"  title=\"\" onclick=\"ptquickview.ajaxView('https:\/\/librariasapientia.ro\/istoria-bisericii\/les-catholique-de-moldavie-histoire-d%e2%80%99une-minorite-religieuse-de-roumanie')\"><span><\/span><\/button>\n\t\t\t\t\t\t\t\t\t\t\t\t\t\t\t\t\t\t\t<\/div>\n\t\t\t\t\t\t\t\t\t\n\t\t\t\t\t\t\t\t<\/div>\n\t\t\t\t\t\t\t<\/div>\n\t\t\t\t\t\t\t\t\t\t\t\t\n\t\t\t\t\t\t<div class=\"caption\">\n\t\t\t\t\t\t\t<div class=\"inner\">\n\t\t\t\t\t\t\t\t\n\t\t\t\t\t\t\t\t\n\t\t\t\t\t\t\t\t\t\t\t\t\t\t\t\t\n\t\t\t\t\t\t\t\t<h4><a href=\"https:\/\/librariasapientia.ro\/istoria-bisericii\/les-catholique-de-moldavie-histoire-d%e2%80%99une-minorite-religieuse-de-roumanie\">Les catholique de Moldavie. Histoire d\u2019une minorite religieuse de Roumanie <\/a><\/h4>\n\t\t\t\t\t\t\t\t\t\t\t\t\t\t\t\t<div>\n\t\t\t\t\t\t\t\t\t\t\t\t\t\t\t\t\t<p class=\"price\"> \t\t\t\t\t\t\t\t\t\t\t35,00 Lei\n\t\t\t\t\t\t\t\t\t\t\t\t\t\t\t\t\t\t\t\t <\/p>\n\t\t\t\t\t\t\t\t\t\t\t\t\t\t\t\t\t\t\t\t\t\t\t\t\t<div class=\"box-label\">\n\t\t\t\t\t\t\t\t\t\t\t\t\t\t\t\t\t\t\t\t\t\t\t\t\t\t\t\t\t<\/div>\n\t\t\t\t\t\t\t\t\t\t\t\t\t\t\t\t<\/div>\n\t\t\t\t\t\t\t\t\t\t\t\t\t\t\t\t\t<p class=\"product-description\">\u00a0 Prezenta romano-catolica pe teritoriul de la rasarit de Carpati, \u00een mileniul al doilea si mai departe, este atestata de multitudinea de documente pastrate \u00een cea mai parte, \u00een ar..<\/p>\n\t\t\t\t\t\t\t\t\t\t\t\t\t\t\t\t\t\t\t\t\t\t\t\t\t<div class=\"button-group\">\n\t\t\t\t\t\t\t\t\t\t<div class=\"inner\">\n\t\t\t\t\t\t\t\t\t\t\t\t\t\t\t\t\t\t\t\t\t\t\t<button type=\"button\" class=\"button-cart\"  title=\"Adaug\u0103 \u00een Co\u0219\" onclick=\"cart.add('2228', '1');\"><span>Adaug\u0103 \u00een Co\u0219<\/span><\/button>\n\t\t\t\t\t\t\t\t\t\t\t\t\t\t\t\t\t\t\t\t\t\t\t\t\t\t\t\t\t\t\t\t\t\t<button type=\"button\" class=\"button-wishlist\"  title=\"Adaug\u0103 la Favorite\" onclick=\"wishlist.add('2228');\"><span>Adaug\u0103 la Favorite<\/span><\/button>\n\t\t\t\t\t\t\t\t\t\t\t\t\t\t\t\t\t\t\t\t\t\t\t\t\t\t\t\t\t\t\t\t\t\t<button type=\"button\" class=\"button-compare\"  title=\"Compar\u0103 acest Produs\" onclick=\"compare.add('2228');\"><span>Compar\u0103 acest Produs<\/span><\/button>\n\t\t\t\t\t\t\t\t\t\t\t\t\t\t\t\t\t\t\t\t\t\t\n\t\t\t\t\t\t\t\t\t\t<\/div>\n\t\t\t\t\t\t\t\t\t<\/div>\n\t\t\t\t\t\t\t\t\t\t\t\t\t\t\t<\/div>\n\t\t\t\t\t\t\t\n\t\t\t\t\t\t<\/div>\n\t\t\t\t\t\t\n\t\t\t\t\t<\/div>\n\t\t\t\t<\/div>\n\t\t\t<\/div>\n\t\t\t\t\t<div class=\"product-layout product-list col-xs-12 product-items\">\n\t\t\t\t<div class=\"product-thumb\">\n\t\t\t\t\t<div class=\"product-item\">\t\t\t\t\n\t\t\t\t\t\t\t\t\t\t\t\t\t<div class=\"image rotate-image-container\">\n\t\t\t\t\t\t\t\t<div class=\"inner\">\n\t\t\t\t\t\t\t\t\t\n\t\t\t\t\t\t\t\t\t<a href=\"https:\/\/librariasapientia.ro\/istoria-bisericii\/martirii-catolici-din-secolul-al-xx-lea\">\n\t\t\t\t\t\t\t\t\t\t<img src=\"https:\/\/librariasapientia.ro\/image\/cache\/catalog\/m\/a\/martirii-catolici-din-secolul-al-xx-lea-600x600.jpg\" alt=\"Martirii catolici din secolul al XX-lea \" title=\"Martirii catolici din secolul al XX-lea \" class=\"img-responsive img-default-image\" \/>\n\t\t\t\t\t\t\t\t\t\t\t\t\t\t\t\t\t\t\t<\/a>\n\t\t\t\t\t\t\t\t\t<div class=\"quickview\">\n\t\t\t\t\t\t\t\t\t\t\t\t\t\t\t\t\t\t\t\t\t<button class=\"button-quickview\" type=\"button\"  title=\"\" onclick=\"ptquickview.ajaxView('https:\/\/librariasapientia.ro\/istoria-bisericii\/martirii-catolici-din-secolul-al-xx-lea')\"><span><\/span><\/button>\n\t\t\t\t\t\t\t\t\t\t\t\t\t\t\t\t\t\t\t<\/div>\n\t\t\t\t\t\t\t\t\t\n\t\t\t\t\t\t\t\t<\/div>\n\t\t\t\t\t\t\t<\/div>\n\t\t\t\t\t\t\t\t\t\t\t\t\n\t\t\t\t\t\t<div class=\"caption\">\n\t\t\t\t\t\t\t<div class=\"inner\">\n\t\t\t\t\t\t\t\t\n\t\t\t\t\t\t\t\t\n\t\t\t\t\t\t\t\t\t\t\t\t\t\t\t\t\n\t\t\t\t\t\t\t\t<h4><a href=\"https:\/\/librariasapientia.ro\/istoria-bisericii\/martirii-catolici-din-secolul-al-xx-lea\">Martirii catolici din secolul al XX-lea <\/a><\/h4>\n\t\t\t\t\t\t\t\t\t\t\t\t\t\t\t\t<div>\n\t\t\t\t\t\t\t\t\t\t\t\t\t\t\t\t\t<p class=\"price\"> \t\t\t\t\t\t\t\t\t\t\t35,00 Lei\n\t\t\t\t\t\t\t\t\t\t\t\t\t\t\t\t\t\t\t\t <\/p>\n\t\t\t\t\t\t\t\t\t\t\t\t\t\t\t\t\t\t\t\t\t\t\t\t\t<div class=\"box-label\">\n\t\t\t\t\t\t\t\t\t\t\t\t\t\t\t\t\t\t\t\t\t\t\t\t\t\t\t\t\t<\/div>\n\t\t\t\t\t\t\t\t\t\t\t\t\t\t\t\t<\/div>\n\t\t\t\t\t\t\t\t\t\t\t\t\t\t\t\t\t<p class=\"product-description\">\u00a0\u00a0 Secolul al XX-lea, departe de a fi secolul luminat pe care toti \u00eel asteptau si care ar fi trebuit sa fie odrasla cea mai nobila a secularismului iluminist \u00een varianta sa materia..<\/p>\n\t\t\t\t\t\t\t\t\t\t\t\t\t\t\t\t\t\t\t\t\t\t\t\t\t<div class=\"button-group\">\n\t\t\t\t\t\t\t\t\t\t<div class=\"inner\">\n\t\t\t\t\t\t\t\t\t\t\t\t\t\t\t\t\t\t\t\t\t\t\t<button type=\"button\" class=\"button-cart\"  title=\"Adaug\u0103 \u00een Co\u0219\" onclick=\"cart.add('2213', '1');\"><span>Adaug\u0103 \u00een Co\u0219<\/span><\/button>\n\t\t\t\t\t\t\t\t\t\t\t\t\t\t\t\t\t\t\t\t\t\t\t\t\t\t\t\t\t\t\t\t\t\t<button type=\"button\" class=\"button-wishlist\"  title=\"Adaug\u0103 la Favorite\" onclick=\"wishlist.add('2213');\"><span>Adaug\u0103 la Favorite<\/span><\/button>\n\t\t\t\t\t\t\t\t\t\t\t\t\t\t\t\t\t\t\t\t\t\t\t\t\t\t\t\t\t\t\t\t\t\t<button type=\"button\" class=\"button-compare\"  title=\"Compar\u0103 acest Produs\" onclick=\"compare.add('2213');\"><span>Compar\u0103 acest Produs<\/span><\/button>\n\t\t\t\t\t\t\t\t\t\t\t\t\t\t\t\t\t\t\t\t\t\t\n\t\t\t\t\t\t\t\t\t\t<\/div>\n\t\t\t\t\t\t\t\t\t<\/div>\n\t\t\t\t\t\t\t\t\t\t\t\t\t\t\t<\/div>\n\t\t\t\t\t\t\t\n\t\t\t\t\t\t<\/div>\n\t\t\t\t\t\t\n\t\t\t\t\t<\/div>\n\t\t\t\t<\/div>\n\t\t\t<\/div>\n\t\t\t\t\t<div class=\"product-layout product-list col-xs-12 product-items\">\n\t\t\t\t<div class=\"product-thumb\">\n\t\t\t\t\t<div class=\"product-item\">\t\t\t\t\n\t\t\t\t\t\t\t\t\t\t\t\t\t<div class=\"image rotate-image-container\">\n\t\t\t\t\t\t\t\t<div class=\"inner\">\n\t\t\t\t\t\t\t\t\t\n\t\t\t\t\t\t\t\t\t<a href=\"https:\/\/librariasapientia.ro\/istoria-bisericii\/monografia-unei-scoli-a-iubirii-si-a-credintei-liceul-teologic-fericitul-ieremia-onesti\">\n\t\t\t\t\t\t\t\t\t\t<img src=\"https:\/\/librariasapientia.ro\/image\/cache\/catalog\/m\/o\/monografia-unei-scoli-a-iubirii-si-a-credintei-liceul-teologic-fericitul-ieremia-onesti-600x600.jpg\" alt=\"Monografia unei scoli a iubirii si a credintei. Liceul teologic \" title=\"Monografia unei scoli a iubirii si a credintei. Liceul teologic \" class=\"img-responsive img-default-image\" \/>\n\t\t\t\t\t\t\t\t\t\t\t\t\t\t\t\t\t\t\t<\/a>\n\t\t\t\t\t\t\t\t\t<div class=\"quickview\">\n\t\t\t\t\t\t\t\t\t\t\t\t\t\t\t\t\t\t\t\t\t<button class=\"button-quickview\" type=\"button\"  title=\"\" onclick=\"ptquickview.ajaxView('https:\/\/librariasapientia.ro\/istoria-bisericii\/monografia-unei-scoli-a-iubirii-si-a-credintei-liceul-teologic-fericitul-ieremia-onesti')\"><span><\/span><\/button>\n\t\t\t\t\t\t\t\t\t\t\t\t\t\t\t\t\t\t\t<\/div>\n\t\t\t\t\t\t\t\t\t\n\t\t\t\t\t\t\t\t<\/div>\n\t\t\t\t\t\t\t<\/div>\n\t\t\t\t\t\t\t\t\t\t\t\t\n\t\t\t\t\t\t<div class=\"caption\">\n\t\t\t\t\t\t\t<div class=\"inner\">\n\t\t\t\t\t\t\t\t\n\t\t\t\t\t\t\t\t\n\t\t\t\t\t\t\t\t\t\t\t\t\t\t\t\t\n\t\t\t\t\t\t\t\t<h4><a href=\"https:\/\/librariasapientia.ro\/istoria-bisericii\/monografia-unei-scoli-a-iubirii-si-a-credintei-liceul-teologic-fericitul-ieremia-onesti\">Monografia unei scoli a iubirii si a credintei. Liceul teologic <\/a><\/h4>\n\t\t\t\t\t\t\t\t\t\t\t\t\t\t\t\t<div>\n\t\t\t\t\t\t\t\t\t\t\t\t\t\t\t\t\t<p class=\"price\"> \t\t\t\t\t\t\t\t\t\t\t40,00 Lei\n\t\t\t\t\t\t\t\t\t\t\t\t\t\t\t\t\t\t\t\t <\/p>\n\t\t\t\t\t\t\t\t\t\t\t\t\t\t\t\t\t\t\t\t\t\t\t\t\t<div class=\"box-label\">\n\t\t\t\t\t\t\t\t\t\t\t\t\t\t\t\t\t\t\t\t\t\t\t\t\t\t\t\t\t<\/div>\n\t\t\t\t\t\t\t\t\t\t\t\t\t\t\t\t<\/div>\n\t\t\t\t\t\t\t\t\t\t\t\t\t\t\t\t\t<p class=\"product-description\">\u00a0\u00a0 Cu ocazia \u00eemplinirii a aproape doua decenii de la \u00eenfiintarea Liceului Teologic \u201eFericitul Ieremia\u201d din Onesti, Editura \u201eSapientia\u201d va propune cartea \u201eMonografia unei scoli a iu..<\/p>\n\t\t\t\t\t\t\t\t\t\t\t\t\t\t\t\t\t\t\t\t\t\t\t\t\t<div class=\"button-group\">\n\t\t\t\t\t\t\t\t\t\t<div class=\"inner\">\n\t\t\t\t\t\t\t\t\t\t\t\t\t\t\t\t\t\t\t\t\t\t\t<button type=\"button\" class=\"button-cart\"  title=\"Adaug\u0103 \u00een Co\u0219\" onclick=\"cart.add('2218', '1');\"><span>Adaug\u0103 \u00een Co\u0219<\/span><\/button>\n\t\t\t\t\t\t\t\t\t\t\t\t\t\t\t\t\t\t\t\t\t\t\t\t\t\t\t\t\t\t\t\t\t\t<button type=\"button\" class=\"button-wishlist\"  title=\"Adaug\u0103 la Favorite\" onclick=\"wishlist.add('2218');\"><span>Adaug\u0103 la Favorite<\/span><\/button>\n\t\t\t\t\t\t\t\t\t\t\t\t\t\t\t\t\t\t\t\t\t\t\t\t\t\t\t\t\t\t\t\t\t\t<button type=\"button\" class=\"button-compare\"  title=\"Compar\u0103 acest Produs\" onclick=\"compare.add('2218');\"><span>Compar\u0103 acest Produs<\/span><\/button>\n\t\t\t\t\t\t\t\t\t\t\t\t\t\t\t\t\t\t\t\t\t\t\n\t\t\t\t\t\t\t\t\t\t<\/div>\n\t\t\t\t\t\t\t\t\t<\/div>\n\t\t\t\t\t\t\t\t\t\t\t\t\t\t\t<\/div>\n\t\t\t\t\t\t\t\n\t\t\t\t\t\t<\/div>\n\t\t\t\t\t\t\n\t\t\t\t\t<\/div>\n\t\t\t\t<\/div>\n\t\t\t<\/div>\n\t\t\t\t\t<div class=\"product-layout product-list col-xs-12 product-items\">\n\t\t\t\t<div class=\"product-thumb\">\n\t\t\t\t\t<div class=\"product-item\">\t\t\t\t\n\t\t\t\t\t\t\t\t\t\t\t\t\t<div class=\"image rotate-image-container\">\n\t\t\t\t\t\t\t\t<div class=\"inner\">\n\t\t\t\t\t\t\t\t\t\n\t\t\t\t\t\t\t\t\t<a href=\"https:\/\/librariasapientia.ro\/istoria-bisericii\/nicolae-iosi\">\n\t\t\t\t\t\t\t\t\t\t<img src=\"https:\/\/librariasapientia.ro\/image\/cache\/catalog\/i\/m\/imagehandler.ashx_1-600x600.jpg\" alt=\"Nicolae Iosif Camilli \u2013 primul episcop de Ia\u015fi (1884-1894, 1904-1915)\" title=\"Nicolae Iosif Camilli \u2013 primul episcop de Ia\u015fi (1884-1894, 1904-1915)\" class=\"img-responsive img-default-image\" \/>\n\t\t\t\t\t\t\t\t\t\t\t\t\t\t\t\t\t\t\t<\/a>\n\t\t\t\t\t\t\t\t\t<div class=\"quickview\">\n\t\t\t\t\t\t\t\t\t\t\t\t\t\t\t\t\t\t\t\t\t<button class=\"button-quickview\" type=\"button\"  title=\"\" onclick=\"ptquickview.ajaxView('https:\/\/librariasapientia.ro\/istoria-bisericii\/nicolae-iosi')\"><span><\/span><\/button>\n\t\t\t\t\t\t\t\t\t\t\t\t\t\t\t\t\t\t\t<\/div>\n\t\t\t\t\t\t\t\t\t\n\t\t\t\t\t\t\t\t<\/div>\n\t\t\t\t\t\t\t<\/div>\n\t\t\t\t\t\t\t\t\t\t\t\t\n\t\t\t\t\t\t<div class=\"caption\">\n\t\t\t\t\t\t\t<div class=\"inner\">\n\t\t\t\t\t\t\t\t\n\t\t\t\t\t\t\t\t\n\t\t\t\t\t\t\t\t\t\t\t\t\t\t\t\t\n\t\t\t\t\t\t\t\t<h4><a href=\"https:\/\/librariasapientia.ro\/istoria-bisericii\/nicolae-iosi\">Nicolae Iosif Camilli \u2013 primul episcop de Ia\u015fi (1884-1894, 1904-1915)<\/a><\/h4>\n\t\t\t\t\t\t\t\t\t\t\t\t\t\t\t\t<div>\n\t\t\t\t\t\t\t\t\t\t\t\t\t\t\t\t\t<p class=\"price\"> \t\t\t\t\t\t\t\t\t\t\t20,00 Lei\n\t\t\t\t\t\t\t\t\t\t\t\t\t\t\t\t\t\t\t\t <\/p>\n\t\t\t\t\t\t\t\t\t\t\t\t\t\t\t\t\t\t\t\t\t\t\t\t\t<div class=\"box-label\">\n\t\t\t\t\t\t\t\t\t\t\t\t\t\t\t\t\t\t\t\t\t\t\t\t\t\t\t\t\t<\/div>\n\t\t\t\t\t\t\t\t\t\t\t\t\t\t\t\t<\/div>\n\t\t\t\t\t\t\t\t\t\t\t\t\t\t\t\t\t<p class=\"product-description\">La Editura \u201eSapientia\u201d a ap\u0103rut recent cartea Nicolae Iosif Camilli. Primul episcop de Ia\u015fi (1884-1894, 1904-1915). Cartea apare \u00een colec\u021bia \u201eIstoria Bisericii\u201d, formatul 14x20 cm,..<\/p>\n\t\t\t\t\t\t\t\t\t\t\t\t\t\t\t\t\t\t\t\t\t\t\t\t\t<div class=\"button-group\">\n\t\t\t\t\t\t\t\t\t\t<div class=\"inner\">\n\t\t\t\t\t\t\t\t\t\t\t\t\t\t\t\t\t\t\t\t\t\t\t<button type=\"button\" class=\"button-cart\"  title=\"Adaug\u0103 \u00een Co\u0219\" onclick=\"cart.add('2633', '1');\"><span>Adaug\u0103 \u00een Co\u0219<\/span><\/button>\n\t\t\t\t\t\t\t\t\t\t\t\t\t\t\t\t\t\t\t\t\t\t\t\t\t\t\t\t\t\t\t\t\t\t<button type=\"button\" class=\"button-wishlist\"  title=\"Adaug\u0103 la Favorite\" onclick=\"wishlist.add('2633');\"><span>Adaug\u0103 la Favorite<\/span><\/button>\n\t\t\t\t\t\t\t\t\t\t\t\t\t\t\t\t\t\t\t\t\t\t\t\t\t\t\t\t\t\t\t\t\t\t<button type=\"button\" class=\"button-compare\"  title=\"Compar\u0103 acest Produs\" onclick=\"compare.add('2633');\"><span>Compar\u0103 acest Produs<\/span><\/button>\n\t\t\t\t\t\t\t\t\t\t\t\t\t\t\t\t\t\t\t\t\t\t\n\t\t\t\t\t\t\t\t\t\t<\/div>\n\t\t\t\t\t\t\t\t\t<\/div>\n\t\t\t\t\t\t\t\t\t\t\t\t\t\t\t<\/div>\n\t\t\t\t\t\t\t\n\t\t\t\t\t\t<\/div>\n\t\t\t\t\t\t\n\t\t\t\t\t<\/div>\n\t\t\t\t<\/div>\n\t\t\t<\/div>\n\t\t\t<\/div>\n\t<div class=\"tool-bar-bottom\">\n\t\t<div class=\"row \">\n\t\t\t\t\t\t\t<div class=\"col-sm-6 text-left ajax_pagination\"><ul class=\"pagination\"><li class=\"active\"><span>1<\/span><\/li><li><a href=\"https:\/\/librariasapientia.ro\/index.php?route=plaza\/filter\/category&path=820&page=2\">2<\/a><\/li><li><a href=\"https:\/\/librariasapientia.ro\/index.php?route=plaza\/filter\/category&path=820&page=2\">&gt;<\/a><\/li><li><a href=\"https:\/\/librariasapientia.ro\/index.php?route=plaza\/filter\/category&path=820&page=2\">&gt;|<\/a><\/li><\/ul><\/div>\n\t\t\t\t\t\t<div class=\"col-sm-6 text-right\">Se afi\u015feaz\u0103 de la 1 p\u00e2n\u0103 la 52 din 81 (2 Pagini)<\/div>\n\t\t<\/div>\n\t<\/div>\n\n<script type=\"text\/javascript\">\n    \/\/ Product List\n    $('#list-view').click(function() {\n        $('#content .product-grid > .clearfix').remove();\n\n        $('#content .row > .product-grid').attr('class', 'product-layout product-list col-xs-12');\n        $('#grid-view').removeClass('active');\n        $('#list-view').addClass('active');\n\n        localStorage.setItem('display', 'list');\n    });\n\n    \/\/ Product Grid\n    $('#grid-view').click(function() {\n        var cols = $('#column-right, #column-left').length;\n\n        if (cols == 2) {\n            $('#content .product-list').attr('class', 'product-layout product-grid col-lg-6 col-md-6 col-sm-12 col-xs-12');\n        } else if (cols == 1) {\n            $('#content .product-list').attr('class', 'product-layout product-grid col-lg-4 col-md-4 col-sm-6 col-xs-12');\n        } else {\n            $('#content .product-list').attr('class', 'product-layout product-grid col-lg-3 col-md-3 col-sm-6 col-xs-12');\n        }\n\n        $('#list-view').removeClass('active');\n        $('#grid-view').addClass('active');\n\n        localStorage.setItem('display', 'grid');\n    });\n<\/script>","filter_action":"https:\/\/librariasapientia.ro\/index.php?route=plaza\/filter\/category&path=820","price_action":"https:\/\/librariasapientia.ro\/index.php?route=plaza\/filter\/category&path=820","layered_html":"<div class=\"list-group\">\n    <div class=\"filter-attribute-container filter-attribute-remove-container\">\n                            <\/div>\n    <div class=\"filter-attribute-container\">\n        <label>Price<\/label>\n        <div class=\"list-group-item\">\n            <div class=\"filter-price\">\n                <div id=\"slider-price\"><\/div>\n                <div class=\"slider-values\">\n                    <span><\/span>\n                    <input id=\"price-from\" disabled=\"disabled\" class=\"input-price\" type=\"text\" value=\"2\" placeholder=\"Min\" name=\"price-from\"\/>\n                    <span> Lei<\/span><em>-<\/em>\n                    <span><\/span>\n                    <input id=\"price-to\" disabled=\"disabled\" class=\"input-price\" type=\"text\" value=\"250\" placeholder=\"Max\" name=\"price-to\" \/>\n                    <span> Lei<\/span>\n                <\/div>\n            <\/div>\n        <\/div>\n    <\/div>\n    <\/div>"}